{"id":4839,"date":"2022-06-27T17:02:00","date_gmt":"2022-06-27T15:02:00","guid":{"rendered":"http:\/\/5.249.146.118\/l-elevato-il-livello-della-poverta-stabile-nel-2021-in-seguito\/"},"modified":"2022-09-02T11:07:32","modified_gmt":"2022-09-02T09:07:32","slug":"l-elevato-il-livello-della-poverta-stabile-nel-2021-in-seguito","status":"publish","type":"post","link":"https:\/\/nuovi-lavori.it\/index.php\/l-elevato-il-livello-della-poverta-stabile-nel-2021-in-seguito\/","title":{"rendered":"L\u2019elevato il livello della povert\u00e0, stabile nel 2021. In seguito?"},"content":{"rendered":"<p style=\"text-align: justify;\">I dati del <a href=\"http:\/\/5.249.146.118\/wp-content\/uploads\/2022\/06\/www.istat_.it_it_files_2022_06_Report_PovertC3A0_2021_14-06.pdf\">Report sulla povert\u00e0<\/a> sono pubblicati dall\u2019 Istat nel giugno 2022.\u00a0 Fanno, tuttavia, riferimento al 2021in presenza di scenari pi\u00f9 ottimistici.<\/p>\n<p style=\"text-align: justify;\">Vediamo nei dati riferiti alla povert\u00e0 assoluta (1).<\/p>\n<p style=\"text-align: justify;\">Le <strong>famiglie\u00a0<\/strong> in condizione di povert\u00e0 assoluta in Italia ammontano a <strong>1,960 milioni nel 2021<\/strong>. Nel 2020, in una fase iniziale di pandemia, erano <strong>2,007 milioni<\/strong>.(Circa 50 mila famiglie in meno). Quasi stabili in termini percentuali: il 7,7\u00a0 nel 2020 e 7,5\u00a0 nel 2021.<\/p>\n<p style=\"text-align: justify;\">Le <strong>persone <\/strong>in condizione di povert\u00e0 assoluta diminuiscono da <strong>5,602 a 5,571 milioni<\/strong>(dal 2020 al 2021 Circa 30mila in meno). Nel 2020 si \u00e8 riscontrato comunque il numero massimo di situazioni di povert\u00e0 assoluta dopo il calo del 2019.<\/p>\n<p style=\"text-align: justify;\">Da rilevare \u00e8 l\u2019andamento dell\u2019<strong>incidenza percentuale <\/strong>della povert\u00e0 assoluta (2)\u00a0<strong>per aree geografiche<\/strong> dal 2020 al 2021. Quella familiare diminuisce nell\u2019intero Nord, si mantiene stabile nelle Isole, ha un leggero aumento nel Centro, <strong>incrementa di un punto nel Sud<\/strong>. (3)<\/p>\n<p style=\"text-align: justify;\">Andamento non coincidente \u00e8 l\u2019incidenza <strong>individuale<\/strong>: diminuzione nel Nord Ovest, leggero incremento nel Nord Est, nel Centro, nelle Isole. <strong>Incremento di oltre un punto percentuale nel Sud<\/strong>. In analogia a quella familiare.<\/p>\n<p style=\"text-align: justify;\">Altro indicatore \u00e8 l\u2019andamento dell\u2019<strong>intensit\u00e0 percentuale<\/strong> della povert\u00e0 assoluta (4). Aumenta nel Nord Ovest, Centro e Isole. Diminuisce nel Nord Est e nel Sud.<\/p>\n<p style=\"text-align: justify;\">Il <strong>titolo di studio<\/strong> si conferma come condizionante l\u2019andamento dell\u2019incidenza nella <strong>povert\u00e0 assoluta familiare<\/strong> nel confronto 2020 \u2013 2021, l\u2019<strong>incidenza aumenta <\/strong>per famiglie con <strong>titolo di studio di licenza elementare o media<\/strong>. Diminuisce per diplomati e laureati (5).<\/p>\n<p style=\"text-align: justify;\">Anche la <strong>condizione professionale<\/strong> continua a influenzare l\u2019andamento dell\u2019incidenza della povert\u00e0 tra 2020 e 2021 e sono le persone <strong>in cerca di occupazione<\/strong> ad avere i <strong>valori di gran lunga pi\u00f9 elevati <\/strong>(6).<\/p>\n<p style=\"text-align: justify;\">I <strong>giovani<\/strong> continuano ad essere quelli in maggiore sofferenza.<\/p>\n<p style=\"text-align: justify;\">L\u2019incidenza di povert\u00e0 assoluta \u00e8 rilevante per le <strong>classi di et\u00e0 fino ai 17 anni<\/strong>. Approfondendo, si evidenzia la <strong>fascia fino ai 13 anni<\/strong> come quella con maggiori percentuali. Di fatto i ragazzi senza alcun reddito (7).<\/p>\n<p style=\"text-align: justify;\">La povert\u00e0 assoluta\u00a0 riguarda nel 2021 <strong>un milione 382mila bambini. <\/strong>Dato stabile rispetto al 2020.<\/p>\n<p style=\"text-align: justify;\">Le <strong>famiglie in povert\u00e0 assoluta, con presenza di minori, sono quasi 762mila<\/strong>, con un\u2019incidenza stabile rispetto al 2020.<\/p>\n<p style=\"text-align: justify;\">L\u2019incidenza di povert\u00e0 assoluta <strong>aumenta al crescere del numero di figli minori <\/strong>presenti in famiglia ed \u00e8 elevata tra le famiglie monogenitoriali con minori.<\/p>\n<p style=\"text-align: justify;\">L\u2019incidenza della povert\u00e0 tra le <strong>famiglie con minori<\/strong> varia molto a seconda della<strong> condizione lavorativa, della posizione nella professione della persona di riferimento<\/strong>, del <strong>contesto urbano <\/strong>(\u00e8\u00a0 pi\u00f9 elevata nelle aree metropolitane,\u00a0 nei comuni centro di area metropolitana sia nei comuni periferia dell\u2019area metropolitana e nei comuni oltre i 50mila abitanti).<\/p>\n<p style=\"text-align: justify;\">La povert\u00e0 assoluta continua anche per il 2021 ad incidere maggiormente tra le <strong>famiglie straniere<\/strong> rispetto alle\u00a0 italiane,\u00a0 con <strong>in modo maggiore nel Sud<\/strong> rispetto alla media nazionale.<\/p>\n<p style=\"text-align: justify;\">Gli <strong>stranieri in povert\u00e0 assoluta nel 2021<\/strong> sono <strong>oltre un milione e 600mila<\/strong>. L\u2019incidenza\u00a0 \u00e8 oltre quattro volte superiore a quella degli italiani.<\/p>\n<p style=\"text-align: justify;\">Le <strong>famiglie che vivono in\u00a0 affitto<\/strong> hanno un\u2019esposizione pi\u00f9 critica.Sono oltre <strong>889mila famiglie povere<\/strong> in affitto nel 2021, con un\u2019incidenza di povert\u00e0 assoluta maggiore di circa <strong>quattro volte<\/strong> rispetto a quelle che vivono in abitazioni di propriet\u00e0.<\/p>\n<p style=\"text-align: justify;\">Nel suo rapporto l\u2019ISTAT attesta che il livello raggiunto dalla povert\u00e0 assoluta nel 2021 \u00e8 tra i pi\u00f9 elevati dal 2017, anno in cui si \u00e8 iniziato a misurare questo indicatore.<\/p>\n<p style=\"text-align: justify;\">L\u2019estensione del fenomeno ha portato all\u2019introduzionedi varie misure di contrasto alla povert\u00e0 quali il reddito di inclusione (2018) e reddito di cittadinanza (2019). Un leggero segnale di miglioramento si \u00e8 registrato con il calo delle famiglie in povert\u00e0 assoluta osservato nel 2019.<\/p>\n<p style=\"text-align: justify;\">Nel 2020 la pandemia ha favorito &#8211; nonostante gli interventi governativi di sostegno ( reddito di emergenza, bonus vari, estensione di alcune forme di ammortizzatori) &#8211; la crescita della povert\u00e0 assoluta,\u00a0 con conferme di tendenze critiche (minori, stranieri, famiglie numerose) e modifiche strutturali\u00a0 nel mosaico della povert\u00e0 assoluta ( aumento nel Nord, stabilit\u00e0\u00a0 nel Mezzogiorno).<\/p>\n<p style=\"text-align: justify;\">Da evidenziare che lo scenario economico italiano nel 2021 era in termini previsionali pi\u00f9 ottimistico. Le attuali attese di crescita, il livello di inflazione, il dimensionamento\u00a0 della spesa pubblica e delle politiche\u00a0 di deficit, le difficolt\u00e0 di implementazione del PNRR, smentiscono facili possibilit\u00e0 di rientro dalle dimensioni raggiunte della povert\u00e0 assoluta in Italia. Che non pu\u00f2 abbandonare, bens\u00ec revisionare, gli strumenti di contrasto alla povert\u00e0 (10). Ma che deve poter puntare su provvedimenti pi\u00f9 complessi verso un qualificato sviluppo produttivo e occupazionale.<\/p>\n<p style=\"text-align: justify;\">\n<p><span style=\"font-size: x-small;\"><em>1 &#8211; Dal Glossario ISTAT. Sono classificate come assolutamente povere le famiglie con una spesa mensile pari o inferiore al valore della soglia di povert\u00e0 assoluta (che si differenzia per dimensione e composizione per et\u00e0 della famiglia, per ripartizione geografica e per tipo di comune di residenza).<\/em><\/span><\/p>\n<p><span style=\"font-size: x-small;\"><em>Soglia di povert\u00e0 assoluta: rappresenta la spesa minima necessaria per acquisire i beni e servizi inseriti nel paniere di povert\u00e0 assoluta. Varia, per costruzione, in base alla dimensione della famiglia, alla sua composizione per et\u00e0, alla ripartizione geografica e alla dimensione del comune di residenza.\u00a0<\/em><\/span><\/p>\n<p><span style=\"font-size: x-small;\"><em>Paniere di povert\u00e0 assoluta: rappresenta l\u2019insieme dei beni e servizi che, nel contesto italiano e per una famiglia con determinate caratteristiche, vengono considerati essenziali per una determinata famiglia per conseguire uno standard di vita minimamente accettabile<\/em><\/span><\/p>\n<p><span style=\"font-size: x-small;\"><em>2 &#8211; Dal Glossario ISTAT.Incidenza della povert\u00e0: si ottiene dal rapporto tra il numero di famiglie con spesa media mensile per consumi pari o al di sotto della soglia di povert\u00e0 e il totale delle famiglie residenti, Relativamente alle persone, si ottiene come rapporto tra il numero di persone in famiglie povere e il totale delle persone residenti.<\/em><\/span><\/p>\n<p><em>3-\u00a0<span style=\"font-size: x-small;\">Vedi tabella seguente, fonte ISTAT.<\/span><\/em><\/p>\n<p><em><span style=\"font-size: x-small;\">4 &#8211; Dal Glossario ISTAT.Intensit\u00e0 della povert\u00e0: misura di quanto in percentuale la spesa media delle famiglie definite povere \u00e8 al di sotto della soglia di povert\u00e0.<\/span><\/em><\/p>\n<p><span style=\"font-size: x-small;\"><em>\u00a0<\/em><\/span><\/p>\n<p><span style=\"font-size: x-small;\"><em>5 &#8211; Vedi figura seguente, fonte ISTAT.<\/em><\/span><\/p>\n<p><span style=\"font-size: x-small;\"><em>6 &#8211; Vedi figura seguente, fonte ISTAT.<\/em><\/span><\/p>\n<p><span style=\"font-size: x-small;\"><em>7 &#8211; Vedi figura seguente, fonte ISTAT.<\/em><\/span><\/p>\n<p><span style=\"font-size: x-small;\"><em>8 &#8211; Vedi figura seguente, fonte ISTAT.<\/em><\/span><\/p>\n<p><em><span style=\"font-size: x-small;\">10 &#8211; Per ulteriori analisi sugli effetti della pandemia e in merito alla revisione degli strumenti di contrasto alla povert\u00e0 vedi<a href=\"https:\/\/nuovi-lavori.it\/index.php\/la-pandemia-ha-creato-piu-poveri-e-maggiori-disuguaglianze\/\">https:\/\/www.nuovi-lavori.it\/index.php\/sezioni\/2112-la-pandemia-ha-creato-piu-poveri-e-maggiori-disuguaglianze?tmpl=component&amp;print=1&amp;layout=default&amp;page<\/a>=<\/span><\/em><\/p>\n<p><em>\u00a0<\/em><\/p>\n","protected":false},"excerpt":{"rendered":"<p>I dati del Report sulla povert\u00e0 sono pubblicati dall\u2019 Istat nel giugno 2022.\u00a0 Fanno, tuttavia, riferimento al 2021in presenza di scenari pi\u00f9 ottimistici. Vediamo nei dati riferiti alla povert\u00e0 assoluta (1). Le famiglie\u00a0 in condizione di povert\u00e0 assoluta in Italia ammontano a 1,960 milioni nel 2021. Nel 2020, in una fase iniziale di pandemia, erano [&hellip;]<\/p>\n","protected":false},"author":2,"featured_media":4837,"comment_status":"open","ping_status":"open","sticky":false,"template":"","format":"standard","meta":{"footnotes":""},"categories":[9],"tags":[],"class_list":["post-4839","post","type-post","status-publish","format-standard","has-post-thumbnail","hentry","category-newsletter"],"yoast_head":"<!-- This site is optimized with the Yoast SEO plugin v27.4 - https:\/\/yoast.com\/product\/yoast-seo-wordpress\/ -->\n<title>L\u2019elevato il livello della povert\u00e0, stabile nel 2021. In seguito? - Nuovi Lavori<\/title>\n<meta name=\"robots\" content=\"index, follow, max-snippet:-1, max-image-preview:large, max-video-preview:-1\" \/>\n<link rel=\"canonical\" href=\"https:\/\/nuovi-lavori.it\/index.php\/l-elevato-il-livello-della-poverta-stabile-nel-2021-in-seguito\/\" \/>\n<meta property=\"og:locale\" content=\"it_IT\" \/>\n<meta property=\"og:type\" content=\"article\" \/>\n<meta property=\"og:title\" content=\"L\u2019elevato il livello della povert\u00e0, stabile nel 2021. In seguito? - Nuovi Lavori\" \/>\n<meta property=\"og:description\" content=\"I dati del Report sulla povert\u00e0 sono pubblicati dall\u2019 Istat nel giugno 2022.\u00a0 Fanno, tuttavia, riferimento al 2021in presenza di scenari pi\u00f9 ottimistici. Vediamo nei dati riferiti alla povert\u00e0 assoluta (1). Le famiglie\u00a0 in condizione di povert\u00e0 assoluta in Italia ammontano a 1,960 milioni nel 2021. Nel 2020, in una fase iniziale di pandemia, erano [&hellip;]\" \/>\n<meta property=\"og:url\" content=\"https:\/\/nuovi-lavori.it\/index.php\/l-elevato-il-livello-della-poverta-stabile-nel-2021-in-seguito\/\" \/>\n<meta property=\"og:site_name\" content=\"Nuovi Lavori\" \/>\n<meta property=\"article:published_time\" content=\"2022-06-27T15:02:00+00:00\" \/>\n<meta property=\"article:modified_time\" content=\"2022-09-02T09:07:32+00:00\" \/>\n<meta property=\"og:image\" content=\"https:\/\/nuovi-lavori.it\/wp-content\/uploads\/2022\/06\/images_povert99.jpg\" \/>\n\t<meta property=\"og:image:width\" content=\"755\" \/>\n\t<meta property=\"og:image:height\" content=\"491\" \/>\n\t<meta property=\"og:image:type\" content=\"image\/jpeg\" \/>\n<meta name=\"author\" content=\"Lia\" \/>\n<meta name=\"twitter:card\" content=\"summary_large_image\" \/>\n<meta name=\"twitter:label1\" content=\"Scritto da\" \/>\n\t<meta name=\"twitter:data1\" content=\"Lia\" \/>\n\t<meta name=\"twitter:label2\" content=\"Tempo di lettura stimato\" \/>\n\t<meta name=\"twitter:data2\" content=\"6 minuti\" \/>\n<script type=\"application\/ld+json\" class=\"yoast-schema-graph\">{\"@context\":\"https:\\\/\\\/schema.org\",\"@graph\":[{\"@type\":\"Article\",\"@id\":\"https:\\\/\\\/nuovi-lavori.it\\\/index.php\\\/l-elevato-il-livello-della-poverta-stabile-nel-2021-in-seguito\\\/#article\",\"isPartOf\":{\"@id\":\"https:\\\/\\\/nuovi-lavori.it\\\/index.php\\\/l-elevato-il-livello-della-poverta-stabile-nel-2021-in-seguito\\\/\"},\"author\":{\"name\":\"Lia\",\"@id\":\"https:\\\/\\\/nuovi-lavori.it\\\/#\\\/schema\\\/person\\\/381e9894ea394d41738d8d55e63fc0da\"},\"headline\":\"L\u2019elevato il livello della povert\u00e0, stabile nel 2021. In seguito?\",\"datePublished\":\"2022-06-27T15:02:00+00:00\",\"dateModified\":\"2022-09-02T09:07:32+00:00\",\"mainEntityOfPage\":{\"@id\":\"https:\\\/\\\/nuovi-lavori.it\\\/index.php\\\/l-elevato-il-livello-della-poverta-stabile-nel-2021-in-seguito\\\/\"},\"wordCount\":987,\"commentCount\":0,\"publisher\":{\"@id\":\"https:\\\/\\\/nuovi-lavori.it\\\/#organization\"},\"image\":{\"@id\":\"https:\\\/\\\/nuovi-lavori.it\\\/index.php\\\/l-elevato-il-livello-della-poverta-stabile-nel-2021-in-seguito\\\/#primaryimage\"},\"thumbnailUrl\":\"https:\\\/\\\/nuovi-lavori.it\\\/wp-content\\\/uploads\\\/2022\\\/06\\\/images_povert99.jpg\",\"articleSection\":[\"Newsletter\"],\"inLanguage\":\"it-IT\",\"potentialAction\":[{\"@type\":\"CommentAction\",\"name\":\"Comment\",\"target\":[\"https:\\\/\\\/nuovi-lavori.it\\\/index.php\\\/l-elevato-il-livello-della-poverta-stabile-nel-2021-in-seguito\\\/#respond\"]}]},{\"@type\":\"WebPage\",\"@id\":\"https:\\\/\\\/nuovi-lavori.it\\\/index.php\\\/l-elevato-il-livello-della-poverta-stabile-nel-2021-in-seguito\\\/\",\"url\":\"https:\\\/\\\/nuovi-lavori.it\\\/index.php\\\/l-elevato-il-livello-della-poverta-stabile-nel-2021-in-seguito\\\/\",\"name\":\"L\u2019elevato il livello della povert\u00e0, stabile nel 2021. In seguito? - Nuovi Lavori\",\"isPartOf\":{\"@id\":\"https:\\\/\\\/nuovi-lavori.it\\\/#website\"},\"primaryImageOfPage\":{\"@id\":\"https:\\\/\\\/nuovi-lavori.it\\\/index.php\\\/l-elevato-il-livello-della-poverta-stabile-nel-2021-in-seguito\\\/#primaryimage\"},\"image\":{\"@id\":\"https:\\\/\\\/nuovi-lavori.it\\\/index.php\\\/l-elevato-il-livello-della-poverta-stabile-nel-2021-in-seguito\\\/#primaryimage\"},\"thumbnailUrl\":\"https:\\\/\\\/nuovi-lavori.it\\\/wp-content\\\/uploads\\\/2022\\\/06\\\/images_povert99.jpg\",\"datePublished\":\"2022-06-27T15:02:00+00:00\",\"dateModified\":\"2022-09-02T09:07:32+00:00\",\"breadcrumb\":{\"@id\":\"https:\\\/\\\/nuovi-lavori.it\\\/index.php\\\/l-elevato-il-livello-della-poverta-stabile-nel-2021-in-seguito\\\/#breadcrumb\"},\"inLanguage\":\"it-IT\",\"potentialAction\":[{\"@type\":\"ReadAction\",\"target\":[\"https:\\\/\\\/nuovi-lavori.it\\\/index.php\\\/l-elevato-il-livello-della-poverta-stabile-nel-2021-in-seguito\\\/\"]}]},{\"@type\":\"ImageObject\",\"inLanguage\":\"it-IT\",\"@id\":\"https:\\\/\\\/nuovi-lavori.it\\\/index.php\\\/l-elevato-il-livello-della-poverta-stabile-nel-2021-in-seguito\\\/#primaryimage\",\"url\":\"https:\\\/\\\/nuovi-lavori.it\\\/wp-content\\\/uploads\\\/2022\\\/06\\\/images_povert99.jpg\",\"contentUrl\":\"https:\\\/\\\/nuovi-lavori.it\\\/wp-content\\\/uploads\\\/2022\\\/06\\\/images_povert99.jpg\",\"width\":755,\"height\":491},{\"@type\":\"BreadcrumbList\",\"@id\":\"https:\\\/\\\/nuovi-lavori.it\\\/index.php\\\/l-elevato-il-livello-della-poverta-stabile-nel-2021-in-seguito\\\/#breadcrumb\",\"itemListElement\":[{\"@type\":\"ListItem\",\"position\":1,\"name\":\"Home\",\"item\":\"https:\\\/\\\/nuovi-lavori.it\\\/\"},{\"@type\":\"ListItem\",\"position\":2,\"name\":\"Newsletter\",\"item\":\"https:\\\/\\\/nuovi-lavori.it\\\/index.php\\\/category\\\/newsletter\\\/\"},{\"@type\":\"ListItem\",\"position\":3,\"name\":\"L\u2019elevato il livello della povert\u00e0, stabile nel 2021. In seguito?\"}]},{\"@type\":\"WebSite\",\"@id\":\"https:\\\/\\\/nuovi-lavori.it\\\/#website\",\"url\":\"https:\\\/\\\/nuovi-lavori.it\\\/\",\"name\":\"Nuovi Lavori\",\"description\":\"\",\"publisher\":{\"@id\":\"https:\\\/\\\/nuovi-lavori.it\\\/#organization\"},\"potentialAction\":[{\"@type\":\"SearchAction\",\"target\":{\"@type\":\"EntryPoint\",\"urlTemplate\":\"https:\\\/\\\/nuovi-lavori.it\\\/?s={search_term_string}\"},\"query-input\":{\"@type\":\"PropertyValueSpecification\",\"valueRequired\":true,\"valueName\":\"search_term_string\"}}],\"inLanguage\":\"it-IT\"},{\"@type\":\"Organization\",\"@id\":\"https:\\\/\\\/nuovi-lavori.it\\\/#organization\",\"name\":\"Nuovi Lavori\",\"url\":\"https:\\\/\\\/nuovi-lavori.it\\\/\",\"logo\":{\"@type\":\"ImageObject\",\"inLanguage\":\"it-IT\",\"@id\":\"https:\\\/\\\/nuovi-lavori.it\\\/#\\\/schema\\\/logo\\\/image\\\/\",\"url\":\"http:\\\/\\\/5.249.146.118\\\/wp-content\\\/uploads\\\/2013\\\/11\\\/images_logonl.jpg\",\"contentUrl\":\"http:\\\/\\\/5.249.146.118\\\/wp-content\\\/uploads\\\/2013\\\/11\\\/images_logonl.jpg\",\"width\":400,\"height\":327,\"caption\":\"Nuovi Lavori\"},\"image\":{\"@id\":\"https:\\\/\\\/nuovi-lavori.it\\\/#\\\/schema\\\/logo\\\/image\\\/\"},\"sameAs\":[\"https:\\\/\\\/www.youtube.com\\\/user\\\/newsletteranl\"]},{\"@type\":\"Person\",\"@id\":\"https:\\\/\\\/nuovi-lavori.it\\\/#\\\/schema\\\/person\\\/381e9894ea394d41738d8d55e63fc0da\",\"name\":\"Lia\",\"image\":{\"@type\":\"ImageObject\",\"inLanguage\":\"it-IT\",\"@id\":\"https:\\\/\\\/secure.gravatar.com\\\/avatar\\\/1c1ab5e88d6553d3bd7303b8f064565e43a5f4bcf8fa0acc18820db78be45882?s=96&d=mm&r=g\",\"url\":\"https:\\\/\\\/secure.gravatar.com\\\/avatar\\\/1c1ab5e88d6553d3bd7303b8f064565e43a5f4bcf8fa0acc18820db78be45882?s=96&d=mm&r=g\",\"contentUrl\":\"https:\\\/\\\/secure.gravatar.com\\\/avatar\\\/1c1ab5e88d6553d3bd7303b8f064565e43a5f4bcf8fa0acc18820db78be45882?s=96&d=mm&r=g\",\"caption\":\"Lia\"},\"url\":\"https:\\\/\\\/nuovi-lavori.it\\\/index.php\\\/author\\\/lia\\\/\"}]}<\/script>\n<!-- \/ Yoast SEO plugin. -->","yoast_head_json":{"title":"L\u2019elevato il livello della povert\u00e0, stabile nel 2021. In seguito? - Nuovi Lavori","robots":{"index":"index","follow":"follow","max-snippet":"max-snippet:-1","max-image-preview":"max-image-preview:large","max-video-preview":"max-video-preview:-1"},"canonical":"https:\/\/nuovi-lavori.it\/index.php\/l-elevato-il-livello-della-poverta-stabile-nel-2021-in-seguito\/","og_locale":"it_IT","og_type":"article","og_title":"L\u2019elevato il livello della povert\u00e0, stabile nel 2021. In seguito? - Nuovi Lavori","og_description":"I dati del Report sulla povert\u00e0 sono pubblicati dall\u2019 Istat nel giugno 2022.\u00a0 Fanno, tuttavia, riferimento al 2021in presenza di scenari pi\u00f9 ottimistici. Vediamo nei dati riferiti alla povert\u00e0 assoluta (1). Le famiglie\u00a0 in condizione di povert\u00e0 assoluta in Italia ammontano a 1,960 milioni nel 2021. Nel 2020, in una fase iniziale di pandemia, erano [&hellip;]","og_url":"https:\/\/nuovi-lavori.it\/index.php\/l-elevato-il-livello-della-poverta-stabile-nel-2021-in-seguito\/","og_site_name":"Nuovi Lavori","article_published_time":"2022-06-27T15:02:00+00:00","article_modified_time":"2022-09-02T09:07:32+00:00","og_image":[{"width":755,"height":491,"url":"https:\/\/nuovi-lavori.it\/wp-content\/uploads\/2022\/06\/images_povert99.jpg","type":"image\/jpeg"}],"author":"Lia","twitter_card":"summary_large_image","twitter_misc":{"Scritto da":"Lia","Tempo di lettura stimato":"6 minuti"},"schema":{"@context":"https:\/\/schema.org","@graph":[{"@type":"Article","@id":"https:\/\/nuovi-lavori.it\/index.php\/l-elevato-il-livello-della-poverta-stabile-nel-2021-in-seguito\/#article","isPartOf":{"@id":"https:\/\/nuovi-lavori.it\/index.php\/l-elevato-il-livello-della-poverta-stabile-nel-2021-in-seguito\/"},"author":{"name":"Lia","@id":"https:\/\/nuovi-lavori.it\/#\/schema\/person\/381e9894ea394d41738d8d55e63fc0da"},"headline":"L\u2019elevato il livello della povert\u00e0, stabile nel 2021. In seguito?","datePublished":"2022-06-27T15:02:00+00:00","dateModified":"2022-09-02T09:07:32+00:00","mainEntityOfPage":{"@id":"https:\/\/nuovi-lavori.it\/index.php\/l-elevato-il-livello-della-poverta-stabile-nel-2021-in-seguito\/"},"wordCount":987,"commentCount":0,"publisher":{"@id":"https:\/\/nuovi-lavori.it\/#organization"},"image":{"@id":"https:\/\/nuovi-lavori.it\/index.php\/l-elevato-il-livello-della-poverta-stabile-nel-2021-in-seguito\/#primaryimage"},"thumbnailUrl":"https:\/\/nuovi-lavori.it\/wp-content\/uploads\/2022\/06\/images_povert99.jpg","articleSection":["Newsletter"],"inLanguage":"it-IT","potentialAction":[{"@type":"CommentAction","name":"Comment","target":["https:\/\/nuovi-lavori.it\/index.php\/l-elevato-il-livello-della-poverta-stabile-nel-2021-in-seguito\/#respond"]}]},{"@type":"WebPage","@id":"https:\/\/nuovi-lavori.it\/index.php\/l-elevato-il-livello-della-poverta-stabile-nel-2021-in-seguito\/","url":"https:\/\/nuovi-lavori.it\/index.php\/l-elevato-il-livello-della-poverta-stabile-nel-2021-in-seguito\/","name":"L\u2019elevato il livello della povert\u00e0, stabile nel 2021. In seguito? - Nuovi Lavori","isPartOf":{"@id":"https:\/\/nuovi-lavori.it\/#website"},"primaryImageOfPage":{"@id":"https:\/\/nuovi-lavori.it\/index.php\/l-elevato-il-livello-della-poverta-stabile-nel-2021-in-seguito\/#primaryimage"},"image":{"@id":"https:\/\/nuovi-lavori.it\/index.php\/l-elevato-il-livello-della-poverta-stabile-nel-2021-in-seguito\/#primaryimage"},"thumbnailUrl":"https:\/\/nuovi-lavori.it\/wp-content\/uploads\/2022\/06\/images_povert99.jpg","datePublished":"2022-06-27T15:02:00+00:00","dateModified":"2022-09-02T09:07:32+00:00","breadcrumb":{"@id":"https:\/\/nuovi-lavori.it\/index.php\/l-elevato-il-livello-della-poverta-stabile-nel-2021-in-seguito\/#breadcrumb"},"inLanguage":"it-IT","potentialAction":[{"@type":"ReadAction","target":["https:\/\/nuovi-lavori.it\/index.php\/l-elevato-il-livello-della-poverta-stabile-nel-2021-in-seguito\/"]}]},{"@type":"ImageObject","inLanguage":"it-IT","@id":"https:\/\/nuovi-lavori.it\/index.php\/l-elevato-il-livello-della-poverta-stabile-nel-2021-in-seguito\/#primaryimage","url":"https:\/\/nuovi-lavori.it\/wp-content\/uploads\/2022\/06\/images_povert99.jpg","contentUrl":"https:\/\/nuovi-lavori.it\/wp-content\/uploads\/2022\/06\/images_povert99.jpg","width":755,"height":491},{"@type":"BreadcrumbList","@id":"https:\/\/nuovi-lavori.it\/index.php\/l-elevato-il-livello-della-poverta-stabile-nel-2021-in-seguito\/#breadcrumb","itemListElement":[{"@type":"ListItem","position":1,"name":"Home","item":"https:\/\/nuovi-lavori.it\/"},{"@type":"ListItem","position":2,"name":"Newsletter","item":"https:\/\/nuovi-lavori.it\/index.php\/category\/newsletter\/"},{"@type":"ListItem","position":3,"name":"L\u2019elevato il livello della povert\u00e0, stabile nel 2021. In seguito?"}]},{"@type":"WebSite","@id":"https:\/\/nuovi-lavori.it\/#website","url":"https:\/\/nuovi-lavori.it\/","name":"Nuovi Lavori","description":"","publisher":{"@id":"https:\/\/nuovi-lavori.it\/#organization"},"potentialAction":[{"@type":"SearchAction","target":{"@type":"EntryPoint","urlTemplate":"https:\/\/nuovi-lavori.it\/?s={search_term_string}"},"query-input":{"@type":"PropertyValueSpecification","valueRequired":true,"valueName":"search_term_string"}}],"inLanguage":"it-IT"},{"@type":"Organization","@id":"https:\/\/nuovi-lavori.it\/#organization","name":"Nuovi Lavori","url":"https:\/\/nuovi-lavori.it\/","logo":{"@type":"ImageObject","inLanguage":"it-IT","@id":"https:\/\/nuovi-lavori.it\/#\/schema\/logo\/image\/","url":"http:\/\/5.249.146.118\/wp-content\/uploads\/2013\/11\/images_logonl.jpg","contentUrl":"http:\/\/5.249.146.118\/wp-content\/uploads\/2013\/11\/images_logonl.jpg","width":400,"height":327,"caption":"Nuovi Lavori"},"image":{"@id":"https:\/\/nuovi-lavori.it\/#\/schema\/logo\/image\/"},"sameAs":["https:\/\/www.youtube.com\/user\/newsletteranl"]},{"@type":"Person","@id":"https:\/\/nuovi-lavori.it\/#\/schema\/person\/381e9894ea394d41738d8d55e63fc0da","name":"Lia","image":{"@type":"ImageObject","inLanguage":"it-IT","@id":"https:\/\/secure.gravatar.com\/avatar\/1c1ab5e88d6553d3bd7303b8f064565e43a5f4bcf8fa0acc18820db78be45882?s=96&d=mm&r=g","url":"https:\/\/secure.gravatar.com\/avatar\/1c1ab5e88d6553d3bd7303b8f064565e43a5f4bcf8fa0acc18820db78be45882?s=96&d=mm&r=g","contentUrl":"https:\/\/secure.gravatar.com\/avatar\/1c1ab5e88d6553d3bd7303b8f064565e43a5f4bcf8fa0acc18820db78be45882?s=96&d=mm&r=g","caption":"Lia"},"url":"https:\/\/nuovi-lavori.it\/index.php\/author\/lia\/"}]}},"_links":{"self":[{"href":"https:\/\/nuovi-lavori.it\/index.php\/wp-json\/wp\/v2\/posts\/4839","targetHints":{"allow":["GET"]}}],"collection":[{"href":"https:\/\/nuovi-lavori.it\/index.php\/wp-json\/wp\/v2\/posts"}],"about":[{"href":"https:\/\/nuovi-lavori.it\/index.php\/wp-json\/wp\/v2\/types\/post"}],"author":[{"embeddable":true,"href":"https:\/\/nuovi-lavori.it\/index.php\/wp-json\/wp\/v2\/users\/2"}],"replies":[{"embeddable":true,"href":"https:\/\/nuovi-lavori.it\/index.php\/wp-json\/wp\/v2\/comments?post=4839"}],"version-history":[{"count":3,"href":"https:\/\/nuovi-lavori.it\/index.php\/wp-json\/wp\/v2\/posts\/4839\/revisions"}],"predecessor-version":[{"id":17060,"href":"https:\/\/nuovi-lavori.it\/index.php\/wp-json\/wp\/v2\/posts\/4839\/revisions\/17060"}],"wp:featuredmedia":[{"embeddable":true,"href":"https:\/\/nuovi-lavori.it\/index.php\/wp-json\/wp\/v2\/media\/4837"}],"wp:attachment":[{"href":"https:\/\/nuovi-lavori.it\/index.php\/wp-json\/wp\/v2\/media?parent=4839"}],"wp:term":[{"taxonomy":"category","embeddable":true,"href":"https:\/\/nuovi-lavori.it\/index.php\/wp-json\/wp\/v2\/categories?post=4839"},{"taxonomy":"post_tag","embeddable":true,"href":"https:\/\/nuovi-lavori.it\/index.php\/wp-json\/wp\/v2\/tags?post=4839"}],"curies":[{"name":"wp","href":"https:\/\/api.w.org\/{rel}","templated":true}]}}