{"id":715,"date":"2014-09-30T13:17:13","date_gmt":"2014-09-30T11:17:13","guid":{"rendered":"http:\/\/5.249.146.118\/meglio-il-decisionismo-che-la-deresponsabilizzazione\/"},"modified":"2014-09-30T13:17:13","modified_gmt":"2014-09-30T11:17:13","slug":"meglio-il-decisionismo-che-la-deresponsabilizzazione","status":"publish","type":"post","link":"https:\/\/nuovi-lavori.it\/index.php\/meglio-il-decisionismo-che-la-deresponsabilizzazione\/","title":{"rendered":"Meglio il decisionismo che la deresponsabilizzazione"},"content":{"rendered":"<p style=\"text-align: justify;\">Nelle ultime settimane, specie in occasione della predisposizione e prime indicazioni del cosiddetto JobsAct, si \u00e8 andata affermando una forte recrudescenza del conflitto fra politica e realt\u00e0 sociale, pi\u00f9 precisamente fra primazia della politica e dialettica fra e con le organizzazioni di rappresentanza. Sono tornati in auge i proclami sull\u2019art. 18, si sono ripetuti agli annunci di reciproco condizionamento fra i diversi protagonisti, si sono rimesse in campo pericolose faglie di frattura fra interi gruppi di classe dirigente. Un ritorno di fiamma ricorrente, quasi un immancabile destino di ritorno dell\u2019eguale.<\/p>\n<p style=\"text-align: justify;\">Sembra a me che\u00a0 il confronto in atto in queste settimane abbia invece due elementi destinati a rompere tale destino: da una parte la non revocabile propensione ad un indiscusso primato della politica, dall\u2019altra la inevitabile tendenza a privilegiare il decisionismo in ogni dinamica economica e sociale. Sono due elementi profondamente intrecciati, ma converr\u00e0 analizzarli separatamente.<\/p>\n<p style=\"text-align: justify;\">Constatare la propensione al primato della politica nel renzismo imperante di questi mesi pu\u00f2 apparire banale; ma occorre comunque prendere coscienza che da troppi anni la societ\u00e0 italiana viveva in un continuo adattamento passivo all\u2019evolvere delle cose \u201cdel mondo\u201d. Ed \u00e8 stato detto al proposito che non siamo pi\u00f9 un sistema capace di autopropulsione, capace di conoscere s\u00e9 stesso, capace di definire i propri obiettivi e traguardi di evoluzione, capace di mettere in funzione diversificati processi di autodeterminazione; delle capacit\u00e0 che \u201cfanno\u201d la politica.<\/p>\n<p style=\"text-align: justify;\">Le crisi dell\u2019ultimo decennio hanno accentuato tale debolezza strutturale, anche in ragione della perdita di sovranit\u00e0 statuale e della dipendenza dall\u2019estero (in particolare dall\u2019Europa) che il sistema ha dovuto subire. Come ha osservato un attento osservatore di cose italiane, mentre la nostra societ\u00e0 \u00e8 diventata liquida, \u201cil sistema si \u00e8 liquefatto\u201d, perdendo le giunture concettuali ed operative che lo tenevano insieme. Per governare una societ\u00e0 liquida non bastano pi\u00f9 investimenti sistemici, occorre saper elaborare politica, dare primato alla politica, ridando vita alle quattro capacit\u00e0 sopra richiamate, e si capisce allora come, a livello di piccole dinamiche di attualit\u00e0, abbia avuto successo l\u2019attuale premier, che sembra consapevole che l\u2019approccio sistemico \u00e8 superato e che l\u2019intreccio relazionale fra i soggetti va sacrificato agli obiettivi politici che si vuole raggiungere. Mentre tali soggetti (in particolare quelli di rappresentanza) sembrano arroccati nella difesa della loro rete relazionale con il potere, e non capiscono che, se la politica mette sul tavolo il peso del suo primato, l\u2019unica dialettica possibile non \u00e8 sui modi della relazione con essa ma sui contenuti politici (di autocoscienza ed autopropulsione) che vengono posti sul tavolo. In altre parole, i protagonisti del sociale dovrebbero avere idee e orgoglio di pensiero politico per poter contrapporre al primato della politica tematiche e proposte altrettanto politiche.<\/p>\n<p style=\"text-align: justify;\">E qui entro nel secondo grande tema, cio\u00e8 il peso del decisionismo nell\u2019attuale congiuntura economica e politica. Come per il primato della politica, anche qui da parte di chi conosce e vive la grande complessit\u00e0 della realt\u00e0 italiana, ci pu\u00f2 essere una propensione a rigettare la verticalizzazione del potere e delle decisioni (verso il vertice della finanza mondiale, verso il vertice europeo, verso il vertice governativo, verso il vertice della governance aziendale, ecc.) una propensione concettualmente corretta ed anche corroborata dallo scarso successo (o addirittura dei guai) che tale verticalizzazione ha portato. Ma realismo vuole che si debba accettare la necessit\u00e0 di una pi\u00f9 alta assunzione di responsabilit\u00e0 in ogni struttura economico e sociale.\u00a0<\/p>\n<p style=\"text-align: justify;\">La grande stagione del policentrismo diffuso, con la moltiplicazione dei soggetti economici e sociali e della soggettivit\u00e0 psichica delle loro decisioni, ha portato certamente ad uno sviluppo ampiamente partecipato e tutto sommato di alta qualit\u00e0 sociale ed umana. Non c\u2019\u00e8 dubbio per\u00f2 che il policentrismo dei soggetti \u00e8 spontaneo e forte nell\u2019avvio della trasformazione della societ\u00e0 ma ha bisogno, in fase adulta di un fattore fondamentale: la serica costante tenace responsabilit\u00e0 dei soggetti stessi. Se invece, come \u00e8 avvenuto in Italia negli ultimi anni, nei singoli soggetti si insinua il virus della de-responsabilizzazione, e, a cascata, dell\u2019adattamento passivo agli eventi e dell\u2019indifferenza al futuro, allora il policentrismo diventa confuso, sfuggente, liquido e tutto sommato ingovernabile.<\/p>\n<p style=\"text-align: justify;\">Nasce da qui la tendenza (interna ai singoli soggetti) a ricercare procedure di responsabilit\u00e0 e pi\u00f9 ancora figure, aziendali prima e istituzionali dopo, che impongono tali procedure. Il decisionismo non \u00e8 nulla di pi\u00f9 e nulla di meno che questo processo di ricerca di dare\/imporre responsabilit\u00e0 ad una soggettivit\u00e0 individuale crescentemente sballata.<\/p>\n<p style=\"text-align: justify;\">Mi rendo conto che con questa breve nota vado contro non solo ad una opinione collettiva ma anche alla filosofia in cui ho letto per anni lo sviluppo italiano; ma il mestiere che frequento da decenni mi ha sempre imposto la coerenza con la realt\u00e0, con quel che succede, pi\u00f9 che con le idee e le opinioni, anche quelle mie.<\/p>\n","protected":false},"excerpt":{"rendered":"<p>Nelle ultime settimane, specie in occasione della predisposizione e prime indicazioni del cosiddetto JobsAct, si \u00e8 andata affermando una forte recrudescenza del conflitto fra politica e realt\u00e0 sociale, pi\u00f9 precisamente fra primazia della politica e dialettica fra e con le organizzazioni di rappresentanza. Sono tornati in auge i proclami sull\u2019art. 18, si sono ripetuti agli [&hellip;]<\/p>\n","protected":false},"author":2,"featured_media":714,"comment_status":"open","ping_status":"open","sticky":false,"template":"","format":"standard","meta":{"footnotes":""},"categories":[9],"tags":[],"class_list":["post-715","post","type-post","status-publish","format-standard","has-post-thumbnail","hentry","category-newsletter"],"yoast_head":"<!-- This site is optimized with the Yoast SEO plugin v27.4 - https:\/\/yoast.com\/product\/yoast-seo-wordpress\/ -->\n<title>Meglio il decisionismo che la deresponsabilizzazione - Nuovi Lavori<\/title>\n<meta name=\"robots\" content=\"index, follow, max-snippet:-1, max-image-preview:large, max-video-preview:-1\" \/>\n<link rel=\"canonical\" href=\"https:\/\/nuovi-lavori.it\/index.php\/meglio-il-decisionismo-che-la-deresponsabilizzazione\/\" \/>\n<meta property=\"og:locale\" content=\"it_IT\" \/>\n<meta property=\"og:type\" content=\"article\" \/>\n<meta property=\"og:title\" content=\"Meglio il decisionismo che la deresponsabilizzazione - Nuovi Lavori\" \/>\n<meta property=\"og:description\" content=\"Nelle ultime settimane, specie in occasione della predisposizione e prime indicazioni del cosiddetto JobsAct, si \u00e8 andata affermando una forte recrudescenza del conflitto fra politica e realt\u00e0 sociale, pi\u00f9 precisamente fra primazia della politica e dialettica fra e con le organizzazioni di rappresentanza. Sono tornati in auge i proclami sull\u2019art. 18, si sono ripetuti agli [&hellip;]\" \/>\n<meta property=\"og:url\" content=\"https:\/\/nuovi-lavori.it\/index.php\/meglio-il-decisionismo-che-la-deresponsabilizzazione\/\" \/>\n<meta property=\"og:site_name\" content=\"Nuovi Lavori\" \/>\n<meta property=\"article:published_time\" content=\"2014-09-30T11:17:13+00:00\" \/>\n<meta property=\"og:image\" content=\"https:\/\/nuovi-lavori.it\/wp-content\/uploads\/2014\/09\/images_asta.jpg\" \/>\n\t<meta property=\"og:image:width\" content=\"302\" \/>\n\t<meta property=\"og:image:height\" content=\"294\" \/>\n\t<meta property=\"og:image:type\" content=\"image\/jpeg\" \/>\n<meta name=\"author\" content=\"Lia\" \/>\n<meta name=\"twitter:card\" content=\"summary_large_image\" \/>\n<meta name=\"twitter:label1\" content=\"Scritto da\" \/>\n\t<meta name=\"twitter:data1\" content=\"Lia\" \/>\n\t<meta name=\"twitter:label2\" content=\"Tempo di lettura stimato\" \/>\n\t<meta name=\"twitter:data2\" content=\"4 minuti\" \/>\n<script type=\"application\/ld+json\" class=\"yoast-schema-graph\">{\"@context\":\"https:\\\/\\\/schema.org\",\"@graph\":[{\"@type\":\"Article\",\"@id\":\"https:\\\/\\\/nuovi-lavori.it\\\/index.php\\\/meglio-il-decisionismo-che-la-deresponsabilizzazione\\\/#article\",\"isPartOf\":{\"@id\":\"https:\\\/\\\/nuovi-lavori.it\\\/index.php\\\/meglio-il-decisionismo-che-la-deresponsabilizzazione\\\/\"},\"author\":{\"name\":\"Lia\",\"@id\":\"https:\\\/\\\/nuovi-lavori.it\\\/#\\\/schema\\\/person\\\/381e9894ea394d41738d8d55e63fc0da\"},\"headline\":\"Meglio il decisionismo che la deresponsabilizzazione\",\"datePublished\":\"2014-09-30T11:17:13+00:00\",\"mainEntityOfPage\":{\"@id\":\"https:\\\/\\\/nuovi-lavori.it\\\/index.php\\\/meglio-il-decisionismo-che-la-deresponsabilizzazione\\\/\"},\"wordCount\":795,\"commentCount\":0,\"publisher\":{\"@id\":\"https:\\\/\\\/nuovi-lavori.it\\\/#organization\"},\"image\":{\"@id\":\"https:\\\/\\\/nuovi-lavori.it\\\/index.php\\\/meglio-il-decisionismo-che-la-deresponsabilizzazione\\\/#primaryimage\"},\"thumbnailUrl\":\"https:\\\/\\\/nuovi-lavori.it\\\/wp-content\\\/uploads\\\/2014\\\/09\\\/images_asta.jpg\",\"articleSection\":[\"Newsletter\"],\"inLanguage\":\"it-IT\",\"potentialAction\":[{\"@type\":\"CommentAction\",\"name\":\"Comment\",\"target\":[\"https:\\\/\\\/nuovi-lavori.it\\\/index.php\\\/meglio-il-decisionismo-che-la-deresponsabilizzazione\\\/#respond\"]}]},{\"@type\":\"WebPage\",\"@id\":\"https:\\\/\\\/nuovi-lavori.it\\\/index.php\\\/meglio-il-decisionismo-che-la-deresponsabilizzazione\\\/\",\"url\":\"https:\\\/\\\/nuovi-lavori.it\\\/index.php\\\/meglio-il-decisionismo-che-la-deresponsabilizzazione\\\/\",\"name\":\"Meglio il decisionismo che la deresponsabilizzazione - Nuovi Lavori\",\"isPartOf\":{\"@id\":\"https:\\\/\\\/nuovi-lavori.it\\\/#website\"},\"primaryImageOfPage\":{\"@id\":\"https:\\\/\\\/nuovi-lavori.it\\\/index.php\\\/meglio-il-decisionismo-che-la-deresponsabilizzazione\\\/#primaryimage\"},\"image\":{\"@id\":\"https:\\\/\\\/nuovi-lavori.it\\\/index.php\\\/meglio-il-decisionismo-che-la-deresponsabilizzazione\\\/#primaryimage\"},\"thumbnailUrl\":\"https:\\\/\\\/nuovi-lavori.it\\\/wp-content\\\/uploads\\\/2014\\\/09\\\/images_asta.jpg\",\"datePublished\":\"2014-09-30T11:17:13+00:00\",\"breadcrumb\":{\"@id\":\"https:\\\/\\\/nuovi-lavori.it\\\/index.php\\\/meglio-il-decisionismo-che-la-deresponsabilizzazione\\\/#breadcrumb\"},\"inLanguage\":\"it-IT\",\"potentialAction\":[{\"@type\":\"ReadAction\",\"target\":[\"https:\\\/\\\/nuovi-lavori.it\\\/index.php\\\/meglio-il-decisionismo-che-la-deresponsabilizzazione\\\/\"]}]},{\"@type\":\"ImageObject\",\"inLanguage\":\"it-IT\",\"@id\":\"https:\\\/\\\/nuovi-lavori.it\\\/index.php\\\/meglio-il-decisionismo-che-la-deresponsabilizzazione\\\/#primaryimage\",\"url\":\"https:\\\/\\\/nuovi-lavori.it\\\/wp-content\\\/uploads\\\/2014\\\/09\\\/images_asta.jpg\",\"contentUrl\":\"https:\\\/\\\/nuovi-lavori.it\\\/wp-content\\\/uploads\\\/2014\\\/09\\\/images_asta.jpg\",\"width\":302,\"height\":294},{\"@type\":\"BreadcrumbList\",\"@id\":\"https:\\\/\\\/nuovi-lavori.it\\\/index.php\\\/meglio-il-decisionismo-che-la-deresponsabilizzazione\\\/#breadcrumb\",\"itemListElement\":[{\"@type\":\"ListItem\",\"position\":1,\"name\":\"Home\",\"item\":\"https:\\\/\\\/nuovi-lavori.it\\\/\"},{\"@type\":\"ListItem\",\"position\":2,\"name\":\"Newsletter\",\"item\":\"https:\\\/\\\/nuovi-lavori.it\\\/index.php\\\/category\\\/newsletter\\\/\"},{\"@type\":\"ListItem\",\"position\":3,\"name\":\"Meglio il decisionismo che la deresponsabilizzazione\"}]},{\"@type\":\"WebSite\",\"@id\":\"https:\\\/\\\/nuovi-lavori.it\\\/#website\",\"url\":\"https:\\\/\\\/nuovi-lavori.it\\\/\",\"name\":\"Nuovi Lavori\",\"description\":\"\",\"publisher\":{\"@id\":\"https:\\\/\\\/nuovi-lavori.it\\\/#organization\"},\"potentialAction\":[{\"@type\":\"SearchAction\",\"target\":{\"@type\":\"EntryPoint\",\"urlTemplate\":\"https:\\\/\\\/nuovi-lavori.it\\\/?s={search_term_string}\"},\"query-input\":{\"@type\":\"PropertyValueSpecification\",\"valueRequired\":true,\"valueName\":\"search_term_string\"}}],\"inLanguage\":\"it-IT\"},{\"@type\":\"Organization\",\"@id\":\"https:\\\/\\\/nuovi-lavori.it\\\/#organization\",\"name\":\"Nuovi Lavori\",\"url\":\"https:\\\/\\\/nuovi-lavori.it\\\/\",\"logo\":{\"@type\":\"ImageObject\",\"inLanguage\":\"it-IT\",\"@id\":\"https:\\\/\\\/nuovi-lavori.it\\\/#\\\/schema\\\/logo\\\/image\\\/\",\"url\":\"http:\\\/\\\/5.249.146.118\\\/wp-content\\\/uploads\\\/2013\\\/11\\\/images_logonl.jpg\",\"contentUrl\":\"http:\\\/\\\/5.249.146.118\\\/wp-content\\\/uploads\\\/2013\\\/11\\\/images_logonl.jpg\",\"width\":400,\"height\":327,\"caption\":\"Nuovi Lavori\"},\"image\":{\"@id\":\"https:\\\/\\\/nuovi-lavori.it\\\/#\\\/schema\\\/logo\\\/image\\\/\"},\"sameAs\":[\"https:\\\/\\\/www.youtube.com\\\/user\\\/newsletteranl\"]},{\"@type\":\"Person\",\"@id\":\"https:\\\/\\\/nuovi-lavori.it\\\/#\\\/schema\\\/person\\\/381e9894ea394d41738d8d55e63fc0da\",\"name\":\"Lia\",\"image\":{\"@type\":\"ImageObject\",\"inLanguage\":\"it-IT\",\"@id\":\"https:\\\/\\\/secure.gravatar.com\\\/avatar\\\/1c1ab5e88d6553d3bd7303b8f064565e43a5f4bcf8fa0acc18820db78be45882?s=96&d=mm&r=g\",\"url\":\"https:\\\/\\\/secure.gravatar.com\\\/avatar\\\/1c1ab5e88d6553d3bd7303b8f064565e43a5f4bcf8fa0acc18820db78be45882?s=96&d=mm&r=g\",\"contentUrl\":\"https:\\\/\\\/secure.gravatar.com\\\/avatar\\\/1c1ab5e88d6553d3bd7303b8f064565e43a5f4bcf8fa0acc18820db78be45882?s=96&d=mm&r=g\",\"caption\":\"Lia\"},\"url\":\"https:\\\/\\\/nuovi-lavori.it\\\/index.php\\\/author\\\/lia\\\/\"}]}<\/script>\n<!-- \/ Yoast SEO plugin. -->","yoast_head_json":{"title":"Meglio il decisionismo che la deresponsabilizzazione - Nuovi Lavori","robots":{"index":"index","follow":"follow","max-snippet":"max-snippet:-1","max-image-preview":"max-image-preview:large","max-video-preview":"max-video-preview:-1"},"canonical":"https:\/\/nuovi-lavori.it\/index.php\/meglio-il-decisionismo-che-la-deresponsabilizzazione\/","og_locale":"it_IT","og_type":"article","og_title":"Meglio il decisionismo che la deresponsabilizzazione - Nuovi Lavori","og_description":"Nelle ultime settimane, specie in occasione della predisposizione e prime indicazioni del cosiddetto JobsAct, si \u00e8 andata affermando una forte recrudescenza del conflitto fra politica e realt\u00e0 sociale, pi\u00f9 precisamente fra primazia della politica e dialettica fra e con le organizzazioni di rappresentanza. Sono tornati in auge i proclami sull\u2019art. 18, si sono ripetuti agli [&hellip;]","og_url":"https:\/\/nuovi-lavori.it\/index.php\/meglio-il-decisionismo-che-la-deresponsabilizzazione\/","og_site_name":"Nuovi Lavori","article_published_time":"2014-09-30T11:17:13+00:00","og_image":[{"width":302,"height":294,"url":"https:\/\/nuovi-lavori.it\/wp-content\/uploads\/2014\/09\/images_asta.jpg","type":"image\/jpeg"}],"author":"Lia","twitter_card":"summary_large_image","twitter_misc":{"Scritto da":"Lia","Tempo di lettura stimato":"4 minuti"},"schema":{"@context":"https:\/\/schema.org","@graph":[{"@type":"Article","@id":"https:\/\/nuovi-lavori.it\/index.php\/meglio-il-decisionismo-che-la-deresponsabilizzazione\/#article","isPartOf":{"@id":"https:\/\/nuovi-lavori.it\/index.php\/meglio-il-decisionismo-che-la-deresponsabilizzazione\/"},"author":{"name":"Lia","@id":"https:\/\/nuovi-lavori.it\/#\/schema\/person\/381e9894ea394d41738d8d55e63fc0da"},"headline":"Meglio il decisionismo che la deresponsabilizzazione","datePublished":"2014-09-30T11:17:13+00:00","mainEntityOfPage":{"@id":"https:\/\/nuovi-lavori.it\/index.php\/meglio-il-decisionismo-che-la-deresponsabilizzazione\/"},"wordCount":795,"commentCount":0,"publisher":{"@id":"https:\/\/nuovi-lavori.it\/#organization"},"image":{"@id":"https:\/\/nuovi-lavori.it\/index.php\/meglio-il-decisionismo-che-la-deresponsabilizzazione\/#primaryimage"},"thumbnailUrl":"https:\/\/nuovi-lavori.it\/wp-content\/uploads\/2014\/09\/images_asta.jpg","articleSection":["Newsletter"],"inLanguage":"it-IT","potentialAction":[{"@type":"CommentAction","name":"Comment","target":["https:\/\/nuovi-lavori.it\/index.php\/meglio-il-decisionismo-che-la-deresponsabilizzazione\/#respond"]}]},{"@type":"WebPage","@id":"https:\/\/nuovi-lavori.it\/index.php\/meglio-il-decisionismo-che-la-deresponsabilizzazione\/","url":"https:\/\/nuovi-lavori.it\/index.php\/meglio-il-decisionismo-che-la-deresponsabilizzazione\/","name":"Meglio il decisionismo che la deresponsabilizzazione - Nuovi Lavori","isPartOf":{"@id":"https:\/\/nuovi-lavori.it\/#website"},"primaryImageOfPage":{"@id":"https:\/\/nuovi-lavori.it\/index.php\/meglio-il-decisionismo-che-la-deresponsabilizzazione\/#primaryimage"},"image":{"@id":"https:\/\/nuovi-lavori.it\/index.php\/meglio-il-decisionismo-che-la-deresponsabilizzazione\/#primaryimage"},"thumbnailUrl":"https:\/\/nuovi-lavori.it\/wp-content\/uploads\/2014\/09\/images_asta.jpg","datePublished":"2014-09-30T11:17:13+00:00","breadcrumb":{"@id":"https:\/\/nuovi-lavori.it\/index.php\/meglio-il-decisionismo-che-la-deresponsabilizzazione\/#breadcrumb"},"inLanguage":"it-IT","potentialAction":[{"@type":"ReadAction","target":["https:\/\/nuovi-lavori.it\/index.php\/meglio-il-decisionismo-che-la-deresponsabilizzazione\/"]}]},{"@type":"ImageObject","inLanguage":"it-IT","@id":"https:\/\/nuovi-lavori.it\/index.php\/meglio-il-decisionismo-che-la-deresponsabilizzazione\/#primaryimage","url":"https:\/\/nuovi-lavori.it\/wp-content\/uploads\/2014\/09\/images_asta.jpg","contentUrl":"https:\/\/nuovi-lavori.it\/wp-content\/uploads\/2014\/09\/images_asta.jpg","width":302,"height":294},{"@type":"BreadcrumbList","@id":"https:\/\/nuovi-lavori.it\/index.php\/meglio-il-decisionismo-che-la-deresponsabilizzazione\/#breadcrumb","itemListElement":[{"@type":"ListItem","position":1,"name":"Home","item":"https:\/\/nuovi-lavori.it\/"},{"@type":"ListItem","position":2,"name":"Newsletter","item":"https:\/\/nuovi-lavori.it\/index.php\/category\/newsletter\/"},{"@type":"ListItem","position":3,"name":"Meglio il decisionismo che la deresponsabilizzazione"}]},{"@type":"WebSite","@id":"https:\/\/nuovi-lavori.it\/#website","url":"https:\/\/nuovi-lavori.it\/","name":"Nuovi Lavori","description":"","publisher":{"@id":"https:\/\/nuovi-lavori.it\/#organization"},"potentialAction":[{"@type":"SearchAction","target":{"@type":"EntryPoint","urlTemplate":"https:\/\/nuovi-lavori.it\/?s={search_term_string}"},"query-input":{"@type":"PropertyValueSpecification","valueRequired":true,"valueName":"search_term_string"}}],"inLanguage":"it-IT"},{"@type":"Organization","@id":"https:\/\/nuovi-lavori.it\/#organization","name":"Nuovi Lavori","url":"https:\/\/nuovi-lavori.it\/","logo":{"@type":"ImageObject","inLanguage":"it-IT","@id":"https:\/\/nuovi-lavori.it\/#\/schema\/logo\/image\/","url":"http:\/\/5.249.146.118\/wp-content\/uploads\/2013\/11\/images_logonl.jpg","contentUrl":"http:\/\/5.249.146.118\/wp-content\/uploads\/2013\/11\/images_logonl.jpg","width":400,"height":327,"caption":"Nuovi Lavori"},"image":{"@id":"https:\/\/nuovi-lavori.it\/#\/schema\/logo\/image\/"},"sameAs":["https:\/\/www.youtube.com\/user\/newsletteranl"]},{"@type":"Person","@id":"https:\/\/nuovi-lavori.it\/#\/schema\/person\/381e9894ea394d41738d8d55e63fc0da","name":"Lia","image":{"@type":"ImageObject","inLanguage":"it-IT","@id":"https:\/\/secure.gravatar.com\/avatar\/1c1ab5e88d6553d3bd7303b8f064565e43a5f4bcf8fa0acc18820db78be45882?s=96&d=mm&r=g","url":"https:\/\/secure.gravatar.com\/avatar\/1c1ab5e88d6553d3bd7303b8f064565e43a5f4bcf8fa0acc18820db78be45882?s=96&d=mm&r=g","contentUrl":"https:\/\/secure.gravatar.com\/avatar\/1c1ab5e88d6553d3bd7303b8f064565e43a5f4bcf8fa0acc18820db78be45882?s=96&d=mm&r=g","caption":"Lia"},"url":"https:\/\/nuovi-lavori.it\/index.php\/author\/lia\/"}]}},"_links":{"self":[{"href":"https:\/\/nuovi-lavori.it\/index.php\/wp-json\/wp\/v2\/posts\/715","targetHints":{"allow":["GET"]}}],"collection":[{"href":"https:\/\/nuovi-lavori.it\/index.php\/wp-json\/wp\/v2\/posts"}],"about":[{"href":"https:\/\/nuovi-lavori.it\/index.php\/wp-json\/wp\/v2\/types\/post"}],"author":[{"embeddable":true,"href":"https:\/\/nuovi-lavori.it\/index.php\/wp-json\/wp\/v2\/users\/2"}],"replies":[{"embeddable":true,"href":"https:\/\/nuovi-lavori.it\/index.php\/wp-json\/wp\/v2\/comments?post=715"}],"version-history":[{"count":0,"href":"https:\/\/nuovi-lavori.it\/index.php\/wp-json\/wp\/v2\/posts\/715\/revisions"}],"wp:featuredmedia":[{"embeddable":true,"href":"https:\/\/nuovi-lavori.it\/index.php\/wp-json\/wp\/v2\/media\/714"}],"wp:attachment":[{"href":"https:\/\/nuovi-lavori.it\/index.php\/wp-json\/wp\/v2\/media?parent=715"}],"wp:term":[{"taxonomy":"category","embeddable":true,"href":"https:\/\/nuovi-lavori.it\/index.php\/wp-json\/wp\/v2\/categories?post=715"},{"taxonomy":"post_tag","embeddable":true,"href":"https:\/\/nuovi-lavori.it\/index.php\/wp-json\/wp\/v2\/tags?post=715"}],"curies":[{"name":"wp","href":"https:\/\/api.w.org\/{rel}","templated":true}]}}