{"id":77,"date":"2013-07-07T16:36:16","date_gmt":"2013-07-07T14:36:16","guid":{"rendered":"http:\/\/5.249.146.118\/una-persona-ponte\/"},"modified":"2013-07-07T16:36:16","modified_gmt":"2013-07-07T14:36:16","slug":"una-persona-ponte","status":"publish","type":"post","link":"https:\/\/nuovi-lavori.it\/index.php\/una-persona-ponte\/","title":{"rendered":"Una &#8216;persona ponte&#8217;"},"content":{"rendered":"<p style=\"text-align: justify;\">Nella notte tra il 20 ed il 21 giugno, all\u2019et\u00e0 di ottantadue anni, \u00e8 scomparso, nella sua Reggio Emilia, un grande sindacalista della Cisl e di tutto il sindacato italiano: Giuseppe \u201cPippo\u201d Morelli.<\/p>\n<p style=\"text-align: justify;\">Quello di Morelli \u00e8 un nome forse non notissimo ai pi\u00f9 giovani, anche nella Cisl, poich\u00e9, ormai oltre venti anni, fa il sindacalista emiliano fu colpito, di ritorno da un viaggio di cooperazione in Brasile, da una grave forma di ictus che ne aveva fortemente minato la capacit\u00e0 intellettuali costringendolo ad interrompere la sua instancabile attivit\u00e0 sindacale e sociale.<\/p>\n<p><!--more--><\/p>\n<p style=\"text-align: justify;\">\u00a0<\/p>\n<p style=\"text-align: justify;\">Ma questa \u201cspina nella carne\u201d, per usare le parole di San Paolo citate durante i suoi funerali, fa parte di una vicenda umana che, anche se certamente divisa in due parti nettamente distinte della malattia, \u00e8 un grande messaggio unitario di gratuit\u00e0, giustizia e libert\u00e0.<\/p>\n<p style=\"text-align: justify;\">Pippo Morelli, nacque a Reggio Emilia nel 1931. Si laure\u00f2 nel 1955 all\u2019Universit\u00e0 Cattolica di Milano con Mario Romani, con una tesi sul rapporto tra mondo rurale e movimenti sociali nella sua provincia tra l\u2019unit\u00e0 d\u2019Italia e la prima guerra mondiale. Ma \u00e8 nel 1957-58 che avvenne il suo incontro decisivo con la Cisl, grazie alla frequenza del primo corso nazionale per esperti di contrattazione al Centro Studi di Firenze.<\/p>\n<p style=\"text-align: justify;\">La sua grande capacit\u00e0 negoziale fu immediatamente notata da Romani e Saba tanto che fu subito da loro inserito, insieme a Nicola Cacace, nell\u2019Ufficio esperti confederale. Collabor\u00f2 pertanto, tra la fine degli anni cinquanta e gli inizi degli anni sessanta, come assistente presso il Centro Studi, per poi trasferirsi a Milano, dove inizi\u00f2 la sua attivit\u00e0 presso la Fim e la Cisl milanesi. Fu tra i protagonisti del congresso nazionale della Fim del 1962 contribuendo, insieme ad Emanuele Braghini, a scrivere la mozione finale che segn\u00f2 la prima grande svolta di cambiamento per l\u2019organizzazione dei metalmeccanici cislini. Nel 1963 il contratto dei metalmeccanici conquist\u00f2 il diritto alla contrattazione integrativa e Morelli cominci\u00f2 ad assumere il ruolo di \u201cstratega\u201d dell\u2019intensa attivit\u00e0 contrattuale (in particolare aziendale) e formativa della Fim, prima e della Flm unitaria poi.<\/p>\n<p style=\"text-align: justify;\">Pippo Morelli fu quindi, insieme a Luigi Macario, Pierre Carniti, Franco Bentivogli, Franco Castrezzati, Giovanni Battista Cavazzuti, Alberto Gavioli, Alberto Tridente (per citare le figure principali, ma l\u2019elenco potrebbe continuare) uno dei protagonisti cruciali del profondo rinnovamento della Fim e della Cisl degli anni sessanta e settanta.<\/p>\n<p style=\"text-align: justify;\">Non fu, come una scellerata lettura revisionista tende a voler comunicare, una rottura che tradiva la Cisl delle origini.<\/p>\n<p style=\"text-align: justify;\">Come raccont\u00f2 Morelli, nel suo ultimo intervento pubblico in Italia prima della malattia, svoltosi a Milano nel febbraio del 1993, la nuova Fim e la nuova Cisl si preoccuparono soprattutto di tradurre nella concretezza i principi di autonomia e contrattazione presenti nei principi forza e nei valori costitutivi del sindacato libero fin dalle origini.<\/p>\n<p style=\"text-align: justify;\">Morelli ricordava, in quell\u2019intervento, come la dura battaglia per l\u2019autonomia sindacale eper l\u2019incompatibilit\u00e0 tra incarichi sindacali e politici non si risolse nel mero distacco, ma nell\u2019elaborazione culturale positiva per una maggiore autonomia. Cos\u00ec la contrattazione articolata praticata rimetteva la fabbrica al centro dell\u2019elaborazione sindacale, facendogli riconoscere la propria base effettiva nei luoghi di lavoro. Non solo; in questo intervento, quasi una sorta di testamento intellettuale, il sindacalista reggiano raccontava ai giovani della Fim l\u2019introduzione, ripresa dai sindacati del centro-nord Europa, di metodi partecipati per il dibattito interno, in particolare nelle commissioni congressuali e organizzative.<\/p>\n<p style=\"text-align: justify;\">Certo ci furono elementi di piena novit\u00e0, come l\u2019ipotizzare, a partire dal 1964, un rafforzamento dell\u2019unit\u00e0 sindacale che oltrepassasse anche l\u2019unit\u00e0 di azione, allora per nulla scontata, e, per la Fim, come per le Acli, la scoperta dell\u2019orizzonte socialista e la messa in discussione del sistema capitalista alla fine degli anni sessanta. Non va poi dimenticata la diffusione di uno strumento di rappresentanza diretta come il sistema dei Consigli di Fabbrica.<\/p>\n<p style=\"text-align: justify;\">In Morelli si riscontravano certamente alcune specificit\u00e0. Un\u2019etica personale fortissima che spesso lo portava su posizioni di dissenso anche all\u2019interno del proprio gruppo di riferimento.<\/p>\n<p style=\"text-align: justify;\">Egli rivendicava la possibilit\u00e0 di usare la pi\u00f9 ampia critica interna, anche se in maniera positiva. Si pensi, ad esempio, all\u2019accordo separato sui temi previdenziali che fu firmato da Cisl e Governo nel 1968.<\/p>\n<p style=\"text-align: justify;\">I rappresentanti della Fim, che era contraria all\u2019accordo, si limitarono, nel Consiglio Generale Cisl, all\u2019astensione. Fu Morelli a prendere posizione pubblica con un articolo su \u201cIl Ragguaglio Metallurgico\u201d inequivocabilmente intitolato: \u201cIl dovere di dissentire\u201d e a prendere carta e penna per dimettersi dalla segreteria della Cisl di Milano e per comunicare a Luigi Macario la propria indisponibilit\u00e0 ad entrare, a quelle condizioni, nella segreteria nazionale della Fim.<\/p>\n<p style=\"text-align: justify;\">Egli ricordava per\u00f2 che quelli non erano atteggiamenti individuali. Quel gruppo dirigente, senza indulgere in moralismi, cerc\u00f2 di portare avanti un\u2019etica collettiva e partecipata, si potrebbe dire quasi \u201cfrancescana\u201d, che era considerata pienamente parte dell\u2019azione di ogni sindacalista.<\/p>\n<p style=\"text-align: justify;\">Si pensi, ad esempio, alla regola ferrea che evitava che gli stipendi di segretari e operatori superassero quelli di impiegati e operai metalmeccanici ed anche l\u2019attenzione ai tenori di vita personali: lo stesso Morelli ricordava, con il sorriso, la contestazione a Romei, segretario della Cisl di Milano, reo di aver acquistato, sia pur con soldi propri, una Fiat 124, considerata al di sopra degli standard possibili per un sindacalista.<\/p>\n<p style=\"text-align: justify;\">Pippo Morelli segu\u00ec grandi vertenze nazionali, come quella dell\u2019Italsider, dove, si racconta, riusc\u00ec a raggiungere un accordo importantissimo e quasi insperato, convincendo ostinatamente non solo l\u2019azienda, ma anche un\u2019inizialmente scettico Luciano Lama, che gli fece dono di una delle sue inseparabili pipe.<\/p>\n<p style=\"text-align: justify;\">Morelli sar\u00e0 un grande protagonista nella segreteria nazionale della Fim, fino a oltre la met\u00e0 degli anni settanta, divenendo uno degli artefici, insieme a Bruno Trentin e a Bruno Manghi, della conquista delle 150 ore per il diritto allo studio, a partire dal contratto del 1973.<\/p>\n<p style=\"text-align: justify;\">Negli anni settanta, in questo senso distaccandosi parzialmente anche dalla linea di Pierre Carniti, Morelli appartenne pienamente a quell\u2019area, trasversale alle tre confederazioni, che viene definita \u201cseconda sinistra sindacale\u201d, per distinguerla dalla componente, pi\u00f9 ampia, della seconda met\u00e0 del decennio precedente, ader\u00ec anche a Democrazia Proletaria.<\/p>\n<p style=\"text-align: justify;\">Terminata l\u2019esperienza nella Flm entr\u00f2 nel 1981 nella segreteria della Cisl Emilia Romagna di cui divenne segretario generale, carica che lasci\u00f2 nel 1985 per tornare alle origini, al Centro Studi di Firenze. Tra il 1985 ed il 1989 egli assunse infatti l\u2019incarico di direttore del Centro Studi Cisl nel quale si impegn\u00f2 fortemente per valorizzare il ruolo della formazione sindacale, nel comprendere i processi di trasformazione ecambiamento che caratterizzavano la societ\u00e0 italiana ed europea in quegli anni. Nel periodo della sua direzione, il Centro si caratterizz\u00f2 in particolare per i corsi sulla contrattazione nell\u2019impresa, le politiche internazionali e le politiche ambientali. Il tema della formazione come strumento di promozione umana ed emancipazione sociale fu al centro di un importante seminario da lui organizzato presso il Centro Studi con il pedagogista brasiliano Paulo Freire, teorico della \u201cpedagogia degli oppressi\u201d.<\/p>\n<p style=\"text-align: justify;\">Nei primi anni novanta Morelli assunse anche la Presidenza del Parco del Gigante, nell\u2019appennino emiliano, carica attraverso la quale mise in campo la sua forte sensibilit\u00e0 ambientale, figlia anche della sua antica formazione scoutistica. Dagli anni ottanta, fino al 1993, anno in cui fu colpito dal grave ictus, si impegn\u00f2 fortemente anche nella cooperazione decentrata, in particolare in Brasile, dove, insieme ad Alberto Tridente, Enrico Giusti e Beppe Stoppiglia collabor\u00f2 a lungo, anche attraverso l\u2019Iscos, con il futuro presidente Lula. Di questo impegno \u00e8 significativa traccia il libro, uscito per Edizioni Lavoro nel 1983, intitolato \u201cViaggio dentro il Brasile\u201d.<\/p>\n<p style=\"text-align: justify;\">Se si volesse tirare un filo rosso dell\u2019esperienza di Pippo Morelli si potrebbe coniugare questa espressione: egli, al di l\u00e0 dell\u2019estrema severit\u00e0 di vita che imponeva a se stesso e richiedeva agli altri, era una \u201cpersona ponte\u201d. Ponte tra il mondo della cultura e l\u2019attivismo sindacale, tra la piena appartenenza alla dimensione ecclesiale e la sinistra anche radicale (si veda, ad esempio, il suo intervento al Convegno nazionale di Bologna dei Cristiani per il Socialismo, settembre 1973), tra il Nord del mondo e quel Brasile dove, con lungimiranza, aveva avvertito un possibile percorso di emancipazione complessiva dei ceti popolari attraverso il sindacato, non senza avvertire le possibili contraddizioni.<\/p>\n<p style=\"text-align: justify;\">Gli ultimi vent\u2019anni, come detto, sono una storia diversa, ma non opposta. Il sindacalista che faceva, soprattutto nella forma scritta, un grande uso della parola, ha dovuto imparare la debolezza del silenzio, circondato dall\u2019Amore della famiglia e degli amici.<\/p>\n<p style=\"text-align: justify;\">C\u2019\u00e8 qualcosa di immenso e prezioso nella storia, in questo caso collettiva, della famiglia Morelli, una famiglia che ha dato tanto anche alla citt\u00e0 di Reggio Emilia. La vicenda di Pippo, compresa l\u2019inattesa seconda parte della sua vita, \u00e8 ben sintetizzata dalle parole del Vangelo di Giovanni: \u201cNon meravigliarti se ti ho detto: dovete nascere dall\u2019alto. Il vento soffia dove vuole e ne senti la voce, ma non sai da dove viene n\u00e9 dove va: cos\u00ec \u00e8 chiunque \u00e8 nato dallo Spirito\u201d.<\/p>\n<p style=\"text-align: justify;\">\u00a0<\/p>\n","protected":false},"excerpt":{"rendered":"<p>Nella notte tra il 20 ed il 21 giugno, all\u2019et\u00e0 di ottantadue anni, \u00e8 scomparso, nella sua Reggio Emilia, un grande sindacalista della Cisl e di tutto il sindacato italiano: Giuseppe \u201cPippo\u201d Morelli. Quello di Morelli \u00e8 un nome forse non notissimo ai pi\u00f9 giovani, anche nella Cisl, poich\u00e9, ormai oltre venti anni, fa il [&hellip;]<\/p>\n","protected":false},"author":2,"featured_media":76,"comment_status":"open","ping_status":"open","sticky":false,"template":"","format":"standard","meta":{"footnotes":""},"categories":[30],"tags":[],"class_list":["post-77","post","type-post","status-publish","format-standard","has-post-thumbnail","hentry","category-sindacato"],"yoast_head":"<!-- This site is optimized with the Yoast SEO plugin v27.4 - https:\/\/yoast.com\/product\/yoast-seo-wordpress\/ -->\n<title>Una &#039;persona ponte&#039; - Nuovi Lavori<\/title>\n<meta name=\"robots\" content=\"index, follow, max-snippet:-1, max-image-preview:large, max-video-preview:-1\" \/>\n<link rel=\"canonical\" href=\"https:\/\/nuovi-lavori.it\/index.php\/una-persona-ponte\/\" \/>\n<meta property=\"og:locale\" content=\"it_IT\" \/>\n<meta property=\"og:type\" content=\"article\" \/>\n<meta property=\"og:title\" content=\"Una &#039;persona ponte&#039; - Nuovi Lavori\" \/>\n<meta property=\"og:description\" content=\"Nella notte tra il 20 ed il 21 giugno, all\u2019et\u00e0 di ottantadue anni, \u00e8 scomparso, nella sua Reggio Emilia, un grande sindacalista della Cisl e di tutto il sindacato italiano: Giuseppe \u201cPippo\u201d Morelli. Quello di Morelli \u00e8 un nome forse non notissimo ai pi\u00f9 giovani, anche nella Cisl, poich\u00e9, ormai oltre venti anni, fa il [&hellip;]\" \/>\n<meta property=\"og:url\" content=\"https:\/\/nuovi-lavori.it\/index.php\/una-persona-ponte\/\" \/>\n<meta property=\"og:site_name\" content=\"Nuovi Lavori\" \/>\n<meta property=\"article:published_time\" content=\"2013-07-07T14:36:16+00:00\" \/>\n<meta property=\"og:image\" content=\"https:\/\/nuovi-lavori.it\/wp-content\/uploads\/2013\/07\/images_immagininewsletter_images-43.jpeg\" \/>\n\t<meta property=\"og:image:width\" content=\"225\" \/>\n\t<meta property=\"og:image:height\" content=\"225\" \/>\n\t<meta property=\"og:image:type\" content=\"image\/jpeg\" \/>\n<meta name=\"author\" content=\"Lia\" \/>\n<meta name=\"twitter:card\" content=\"summary_large_image\" \/>\n<meta name=\"twitter:label1\" content=\"Scritto da\" \/>\n\t<meta name=\"twitter:data1\" content=\"Lia\" \/>\n\t<meta name=\"twitter:label2\" content=\"Tempo di lettura stimato\" \/>\n\t<meta name=\"twitter:data2\" content=\"7 minuti\" \/>\n<script type=\"application\/ld+json\" class=\"yoast-schema-graph\">{\"@context\":\"https:\\\/\\\/schema.org\",\"@graph\":[{\"@type\":\"Article\",\"@id\":\"https:\\\/\\\/nuovi-lavori.it\\\/index.php\\\/una-persona-ponte\\\/#article\",\"isPartOf\":{\"@id\":\"https:\\\/\\\/nuovi-lavori.it\\\/index.php\\\/una-persona-ponte\\\/\"},\"author\":{\"name\":\"Lia\",\"@id\":\"https:\\\/\\\/nuovi-lavori.it\\\/#\\\/schema\\\/person\\\/381e9894ea394d41738d8d55e63fc0da\"},\"headline\":\"Una &#8216;persona ponte&#8217;\",\"datePublished\":\"2013-07-07T14:36:16+00:00\",\"mainEntityOfPage\":{\"@id\":\"https:\\\/\\\/nuovi-lavori.it\\\/index.php\\\/una-persona-ponte\\\/\"},\"wordCount\":1477,\"commentCount\":0,\"publisher\":{\"@id\":\"https:\\\/\\\/nuovi-lavori.it\\\/#organization\"},\"image\":{\"@id\":\"https:\\\/\\\/nuovi-lavori.it\\\/index.php\\\/una-persona-ponte\\\/#primaryimage\"},\"thumbnailUrl\":\"https:\\\/\\\/nuovi-lavori.it\\\/wp-content\\\/uploads\\\/2013\\\/07\\\/images_immagininewsletter_images-43.jpeg\",\"articleSection\":[\"Sindacato\"],\"inLanguage\":\"it-IT\",\"potentialAction\":[{\"@type\":\"CommentAction\",\"name\":\"Comment\",\"target\":[\"https:\\\/\\\/nuovi-lavori.it\\\/index.php\\\/una-persona-ponte\\\/#respond\"]}]},{\"@type\":\"WebPage\",\"@id\":\"https:\\\/\\\/nuovi-lavori.it\\\/index.php\\\/una-persona-ponte\\\/\",\"url\":\"https:\\\/\\\/nuovi-lavori.it\\\/index.php\\\/una-persona-ponte\\\/\",\"name\":\"Una 'persona ponte' - Nuovi Lavori\",\"isPartOf\":{\"@id\":\"https:\\\/\\\/nuovi-lavori.it\\\/#website\"},\"primaryImageOfPage\":{\"@id\":\"https:\\\/\\\/nuovi-lavori.it\\\/index.php\\\/una-persona-ponte\\\/#primaryimage\"},\"image\":{\"@id\":\"https:\\\/\\\/nuovi-lavori.it\\\/index.php\\\/una-persona-ponte\\\/#primaryimage\"},\"thumbnailUrl\":\"https:\\\/\\\/nuovi-lavori.it\\\/wp-content\\\/uploads\\\/2013\\\/07\\\/images_immagininewsletter_images-43.jpeg\",\"datePublished\":\"2013-07-07T14:36:16+00:00\",\"breadcrumb\":{\"@id\":\"https:\\\/\\\/nuovi-lavori.it\\\/index.php\\\/una-persona-ponte\\\/#breadcrumb\"},\"inLanguage\":\"it-IT\",\"potentialAction\":[{\"@type\":\"ReadAction\",\"target\":[\"https:\\\/\\\/nuovi-lavori.it\\\/index.php\\\/una-persona-ponte\\\/\"]}]},{\"@type\":\"ImageObject\",\"inLanguage\":\"it-IT\",\"@id\":\"https:\\\/\\\/nuovi-lavori.it\\\/index.php\\\/una-persona-ponte\\\/#primaryimage\",\"url\":\"https:\\\/\\\/nuovi-lavori.it\\\/wp-content\\\/uploads\\\/2013\\\/07\\\/images_immagininewsletter_images-43.jpeg\",\"contentUrl\":\"https:\\\/\\\/nuovi-lavori.it\\\/wp-content\\\/uploads\\\/2013\\\/07\\\/images_immagininewsletter_images-43.jpeg\",\"width\":225,\"height\":225},{\"@type\":\"BreadcrumbList\",\"@id\":\"https:\\\/\\\/nuovi-lavori.it\\\/index.php\\\/una-persona-ponte\\\/#breadcrumb\",\"itemListElement\":[{\"@type\":\"ListItem\",\"position\":1,\"name\":\"Home\",\"item\":\"https:\\\/\\\/nuovi-lavori.it\\\/\"},{\"@type\":\"ListItem\",\"position\":2,\"name\":\"Newsletter\",\"item\":\"https:\\\/\\\/nuovi-lavori.it\\\/index.php\\\/category\\\/newsletter\\\/\"},{\"@type\":\"ListItem\",\"position\":3,\"name\":\"Sindacato\",\"item\":\"https:\\\/\\\/nuovi-lavori.it\\\/index.php\\\/category\\\/newsletter\\\/sindacato\\\/\"},{\"@type\":\"ListItem\",\"position\":4,\"name\":\"Una &#8216;persona ponte&#8217;\"}]},{\"@type\":\"WebSite\",\"@id\":\"https:\\\/\\\/nuovi-lavori.it\\\/#website\",\"url\":\"https:\\\/\\\/nuovi-lavori.it\\\/\",\"name\":\"Nuovi Lavori\",\"description\":\"\",\"publisher\":{\"@id\":\"https:\\\/\\\/nuovi-lavori.it\\\/#organization\"},\"potentialAction\":[{\"@type\":\"SearchAction\",\"target\":{\"@type\":\"EntryPoint\",\"urlTemplate\":\"https:\\\/\\\/nuovi-lavori.it\\\/?s={search_term_string}\"},\"query-input\":{\"@type\":\"PropertyValueSpecification\",\"valueRequired\":true,\"valueName\":\"search_term_string\"}}],\"inLanguage\":\"it-IT\"},{\"@type\":\"Organization\",\"@id\":\"https:\\\/\\\/nuovi-lavori.it\\\/#organization\",\"name\":\"Nuovi Lavori\",\"url\":\"https:\\\/\\\/nuovi-lavori.it\\\/\",\"logo\":{\"@type\":\"ImageObject\",\"inLanguage\":\"it-IT\",\"@id\":\"https:\\\/\\\/nuovi-lavori.it\\\/#\\\/schema\\\/logo\\\/image\\\/\",\"url\":\"http:\\\/\\\/5.249.146.118\\\/wp-content\\\/uploads\\\/2013\\\/11\\\/images_logonl.jpg\",\"contentUrl\":\"http:\\\/\\\/5.249.146.118\\\/wp-content\\\/uploads\\\/2013\\\/11\\\/images_logonl.jpg\",\"width\":400,\"height\":327,\"caption\":\"Nuovi Lavori\"},\"image\":{\"@id\":\"https:\\\/\\\/nuovi-lavori.it\\\/#\\\/schema\\\/logo\\\/image\\\/\"},\"sameAs\":[\"https:\\\/\\\/www.youtube.com\\\/user\\\/newsletteranl\"]},{\"@type\":\"Person\",\"@id\":\"https:\\\/\\\/nuovi-lavori.it\\\/#\\\/schema\\\/person\\\/381e9894ea394d41738d8d55e63fc0da\",\"name\":\"Lia\",\"image\":{\"@type\":\"ImageObject\",\"inLanguage\":\"it-IT\",\"@id\":\"https:\\\/\\\/secure.gravatar.com\\\/avatar\\\/1c1ab5e88d6553d3bd7303b8f064565e43a5f4bcf8fa0acc18820db78be45882?s=96&d=mm&r=g\",\"url\":\"https:\\\/\\\/secure.gravatar.com\\\/avatar\\\/1c1ab5e88d6553d3bd7303b8f064565e43a5f4bcf8fa0acc18820db78be45882?s=96&d=mm&r=g\",\"contentUrl\":\"https:\\\/\\\/secure.gravatar.com\\\/avatar\\\/1c1ab5e88d6553d3bd7303b8f064565e43a5f4bcf8fa0acc18820db78be45882?s=96&d=mm&r=g\",\"caption\":\"Lia\"},\"url\":\"https:\\\/\\\/nuovi-lavori.it\\\/index.php\\\/author\\\/lia\\\/\"}]}<\/script>\n<!-- \/ Yoast SEO plugin. -->","yoast_head_json":{"title":"Una 'persona ponte' - Nuovi Lavori","robots":{"index":"index","follow":"follow","max-snippet":"max-snippet:-1","max-image-preview":"max-image-preview:large","max-video-preview":"max-video-preview:-1"},"canonical":"https:\/\/nuovi-lavori.it\/index.php\/una-persona-ponte\/","og_locale":"it_IT","og_type":"article","og_title":"Una 'persona ponte' - Nuovi Lavori","og_description":"Nella notte tra il 20 ed il 21 giugno, all\u2019et\u00e0 di ottantadue anni, \u00e8 scomparso, nella sua Reggio Emilia, un grande sindacalista della Cisl e di tutto il sindacato italiano: Giuseppe \u201cPippo\u201d Morelli. Quello di Morelli \u00e8 un nome forse non notissimo ai pi\u00f9 giovani, anche nella Cisl, poich\u00e9, ormai oltre venti anni, fa il [&hellip;]","og_url":"https:\/\/nuovi-lavori.it\/index.php\/una-persona-ponte\/","og_site_name":"Nuovi Lavori","article_published_time":"2013-07-07T14:36:16+00:00","og_image":[{"width":225,"height":225,"url":"https:\/\/nuovi-lavori.it\/wp-content\/uploads\/2013\/07\/images_immagininewsletter_images-43.jpeg","type":"image\/jpeg"}],"author":"Lia","twitter_card":"summary_large_image","twitter_misc":{"Scritto da":"Lia","Tempo di lettura stimato":"7 minuti"},"schema":{"@context":"https:\/\/schema.org","@graph":[{"@type":"Article","@id":"https:\/\/nuovi-lavori.it\/index.php\/una-persona-ponte\/#article","isPartOf":{"@id":"https:\/\/nuovi-lavori.it\/index.php\/una-persona-ponte\/"},"author":{"name":"Lia","@id":"https:\/\/nuovi-lavori.it\/#\/schema\/person\/381e9894ea394d41738d8d55e63fc0da"},"headline":"Una &#8216;persona ponte&#8217;","datePublished":"2013-07-07T14:36:16+00:00","mainEntityOfPage":{"@id":"https:\/\/nuovi-lavori.it\/index.php\/una-persona-ponte\/"},"wordCount":1477,"commentCount":0,"publisher":{"@id":"https:\/\/nuovi-lavori.it\/#organization"},"image":{"@id":"https:\/\/nuovi-lavori.it\/index.php\/una-persona-ponte\/#primaryimage"},"thumbnailUrl":"https:\/\/nuovi-lavori.it\/wp-content\/uploads\/2013\/07\/images_immagininewsletter_images-43.jpeg","articleSection":["Sindacato"],"inLanguage":"it-IT","potentialAction":[{"@type":"CommentAction","name":"Comment","target":["https:\/\/nuovi-lavori.it\/index.php\/una-persona-ponte\/#respond"]}]},{"@type":"WebPage","@id":"https:\/\/nuovi-lavori.it\/index.php\/una-persona-ponte\/","url":"https:\/\/nuovi-lavori.it\/index.php\/una-persona-ponte\/","name":"Una 'persona ponte' - Nuovi Lavori","isPartOf":{"@id":"https:\/\/nuovi-lavori.it\/#website"},"primaryImageOfPage":{"@id":"https:\/\/nuovi-lavori.it\/index.php\/una-persona-ponte\/#primaryimage"},"image":{"@id":"https:\/\/nuovi-lavori.it\/index.php\/una-persona-ponte\/#primaryimage"},"thumbnailUrl":"https:\/\/nuovi-lavori.it\/wp-content\/uploads\/2013\/07\/images_immagininewsletter_images-43.jpeg","datePublished":"2013-07-07T14:36:16+00:00","breadcrumb":{"@id":"https:\/\/nuovi-lavori.it\/index.php\/una-persona-ponte\/#breadcrumb"},"inLanguage":"it-IT","potentialAction":[{"@type":"ReadAction","target":["https:\/\/nuovi-lavori.it\/index.php\/una-persona-ponte\/"]}]},{"@type":"ImageObject","inLanguage":"it-IT","@id":"https:\/\/nuovi-lavori.it\/index.php\/una-persona-ponte\/#primaryimage","url":"https:\/\/nuovi-lavori.it\/wp-content\/uploads\/2013\/07\/images_immagininewsletter_images-43.jpeg","contentUrl":"https:\/\/nuovi-lavori.it\/wp-content\/uploads\/2013\/07\/images_immagininewsletter_images-43.jpeg","width":225,"height":225},{"@type":"BreadcrumbList","@id":"https:\/\/nuovi-lavori.it\/index.php\/una-persona-ponte\/#breadcrumb","itemListElement":[{"@type":"ListItem","position":1,"name":"Home","item":"https:\/\/nuovi-lavori.it\/"},{"@type":"ListItem","position":2,"name":"Newsletter","item":"https:\/\/nuovi-lavori.it\/index.php\/category\/newsletter\/"},{"@type":"ListItem","position":3,"name":"Sindacato","item":"https:\/\/nuovi-lavori.it\/index.php\/category\/newsletter\/sindacato\/"},{"@type":"ListItem","position":4,"name":"Una &#8216;persona ponte&#8217;"}]},{"@type":"WebSite","@id":"https:\/\/nuovi-lavori.it\/#website","url":"https:\/\/nuovi-lavori.it\/","name":"Nuovi Lavori","description":"","publisher":{"@id":"https:\/\/nuovi-lavori.it\/#organization"},"potentialAction":[{"@type":"SearchAction","target":{"@type":"EntryPoint","urlTemplate":"https:\/\/nuovi-lavori.it\/?s={search_term_string}"},"query-input":{"@type":"PropertyValueSpecification","valueRequired":true,"valueName":"search_term_string"}}],"inLanguage":"it-IT"},{"@type":"Organization","@id":"https:\/\/nuovi-lavori.it\/#organization","name":"Nuovi Lavori","url":"https:\/\/nuovi-lavori.it\/","logo":{"@type":"ImageObject","inLanguage":"it-IT","@id":"https:\/\/nuovi-lavori.it\/#\/schema\/logo\/image\/","url":"http:\/\/5.249.146.118\/wp-content\/uploads\/2013\/11\/images_logonl.jpg","contentUrl":"http:\/\/5.249.146.118\/wp-content\/uploads\/2013\/11\/images_logonl.jpg","width":400,"height":327,"caption":"Nuovi Lavori"},"image":{"@id":"https:\/\/nuovi-lavori.it\/#\/schema\/logo\/image\/"},"sameAs":["https:\/\/www.youtube.com\/user\/newsletteranl"]},{"@type":"Person","@id":"https:\/\/nuovi-lavori.it\/#\/schema\/person\/381e9894ea394d41738d8d55e63fc0da","name":"Lia","image":{"@type":"ImageObject","inLanguage":"it-IT","@id":"https:\/\/secure.gravatar.com\/avatar\/1c1ab5e88d6553d3bd7303b8f064565e43a5f4bcf8fa0acc18820db78be45882?s=96&d=mm&r=g","url":"https:\/\/secure.gravatar.com\/avatar\/1c1ab5e88d6553d3bd7303b8f064565e43a5f4bcf8fa0acc18820db78be45882?s=96&d=mm&r=g","contentUrl":"https:\/\/secure.gravatar.com\/avatar\/1c1ab5e88d6553d3bd7303b8f064565e43a5f4bcf8fa0acc18820db78be45882?s=96&d=mm&r=g","caption":"Lia"},"url":"https:\/\/nuovi-lavori.it\/index.php\/author\/lia\/"}]}},"_links":{"self":[{"href":"https:\/\/nuovi-lavori.it\/index.php\/wp-json\/wp\/v2\/posts\/77","targetHints":{"allow":["GET"]}}],"collection":[{"href":"https:\/\/nuovi-lavori.it\/index.php\/wp-json\/wp\/v2\/posts"}],"about":[{"href":"https:\/\/nuovi-lavori.it\/index.php\/wp-json\/wp\/v2\/types\/post"}],"author":[{"embeddable":true,"href":"https:\/\/nuovi-lavori.it\/index.php\/wp-json\/wp\/v2\/users\/2"}],"replies":[{"embeddable":true,"href":"https:\/\/nuovi-lavori.it\/index.php\/wp-json\/wp\/v2\/comments?post=77"}],"version-history":[{"count":0,"href":"https:\/\/nuovi-lavori.it\/index.php\/wp-json\/wp\/v2\/posts\/77\/revisions"}],"wp:featuredmedia":[{"embeddable":true,"href":"https:\/\/nuovi-lavori.it\/index.php\/wp-json\/wp\/v2\/media\/76"}],"wp:attachment":[{"href":"https:\/\/nuovi-lavori.it\/index.php\/wp-json\/wp\/v2\/media?parent=77"}],"wp:term":[{"taxonomy":"category","embeddable":true,"href":"https:\/\/nuovi-lavori.it\/index.php\/wp-json\/wp\/v2\/categories?post=77"},{"taxonomy":"post_tag","embeddable":true,"href":"https:\/\/nuovi-lavori.it\/index.php\/wp-json\/wp\/v2\/tags?post=77"}],"curies":[{"name":"wp","href":"https:\/\/api.w.org\/{rel}","templated":true}]}}