{"id":79,"date":"2013-05-07T12:13:53","date_gmt":"2013-05-07T10:13:53","guid":{"rendered":"http:\/\/5.249.146.118\/la-stretta-via-del-governo-letta\/"},"modified":"2013-05-07T12:13:53","modified_gmt":"2013-05-07T10:13:53","slug":"la-stretta-via-del-governo-letta","status":"publish","type":"post","link":"https:\/\/nuovi-lavori.it\/index.php\/la-stretta-via-del-governo-letta\/","title":{"rendered":"La stretta via del Governo Letta"},"content":{"rendered":"<p style=\"text-align: justify;\">Il governo Letta \u00e8 un governo pi\u00f9 dovuto che voluto. Le forze politiche che lo sostengono non si amano di certo. Forse non si rispettano neanche. Ma sono obbligate a fare un percorso di questa legislatura, insieme. Le ragioni sono note ed \u00e8 inutile elencarle. Ma non \u00e8 detto che sia un governo che debba vivere \u201calla giornata\u201d. Appare esposto agli umori e alle convenienze politiche, ma i partiti della maggioranza non godono di una salute di ferro. Il Pd ha un problema enorme di leadership e di visione politica; il Pdl \u00e8 appeso al destino giudiziario del proprio Presidente. Il tempo dir\u00e0 se il governo \u00e8 pi\u00f9 o meno fragile rispetto ai partiti che lo sostengono, ma ora \u00e8 quanto meno pretestuoso considerarlo come canna al vento.<\/p>\n<p><!--more--><\/p>\n<p style=\"text-align: justify;\">\u00a0<\/p>\n<p style=\"text-align: justify;\">E\u2019 questa indeterminatezza di \u201cpesantezze\u201d che &#8211; se non consente di guardare (ottimisticamente) oltre i 18 mesi previsti da Letta &#8211; gli consente di presentare un programma decisamente keynesiano sul piano economico e fortemente innovativo in fatto di riforme istituzionali e del costume politico. Un programma segnato dal significativo ancoraggio all\u2019Europa e dall\u2019accortezza verso la tenuta della coesione sociale. Infatti, ci\u00f2 che vuole \u00e8 stato espresso in modo molto esplicito e ben carico di valore prospettico. Soltanto l\u2019idea di arginare la decrescita e di mobilitare tutte le risorse possibili per creare occupazione, ci fa uscire dalla morta gora della litania sul rigore e dal depressivo refrain \u201c l\u2019Europa lo vuole \u201d .<\/p>\n<p style=\"text-align: justify;\">Il problema \u00e8 se pu\u00f2 farcela. Non basta la volont\u00e0. Non a caso, la relazione svolta davanti alle due Camere praticamente non dice molto sull\u2019equilibrio tra intenzioni di spesa pubblica e capacit\u00e0 di stanziamenti statali disponibili. C\u2019\u00e8 stato un tacito accordo a non precipitare indicazioni e soluzioni sul fronte del reperimento delle risorse necessarie per dare, nel breve tempo, almeno le risposte pi\u00f9 urgenti alle aspettative di superare l\u2019impantanamento dell\u2019economia. Non \u00e8 stato soltanto un modo gattopardesco per chiudere una fase complicata e in alcuni momenti decisamente brutta, dell\u2019avvio di questa legislatura. Tutti sanno che queste risposte coinvolgono altri soggetti e presuppongono forti volont\u00e0 politiche nostrane. Infatti, quel programma ambizioso dipende molto dall\u2019Europa, dalle banche ma soprattutto dalle priorit\u00e0 che effettivamente verranno affrontate.<\/p>\n<p style=\"text-align: justify;\">Innanzitutto l\u2019Europa. Il governo Letta nasce decisamente europeista; ma godendo il vantaggio, rispetto a Monti, di avere alle spalle conti in ordine, pu\u00f2 e deve esprimere una capacit\u00e0 negoziale risoluta per ottenere un allentamento di fatto del fiscal compact. Di pi\u00f9 non si pu\u00f2 sperare. Ormai ogni discorso di rilancio dell\u2019Europa politica, della sua funzione di volano per invertire la rotta recessiva europea (Germania compresa) va calendarizzato a dopo le elezioni politiche tedesche. Rientrando dal rapido giro nelle principali capitali europee, Letta ha espresso un moderato ottimismo circa le risposte ottenute. Sarebbe la prima volta, in questi anni turbolenti, che l\u2019Europa riesca a mostrare una faccia collaboratrice.<\/p>\n<p style=\"text-align: justify;\">Dipende molto dalle banche, che non possono trasformare l\u2019aiuto che arriva dalla Bce in un ulteriore aiuto al benessere dei propri bilanci, mantenendo a stecchetto le imprese. Il credito langue, oltre ogni ragionevole giustificazione. Non languono, invece, n\u00e9 i conti delle principali banche, n\u00e9 i benefits dei loro amministratori. E\u2019 questa situazione che aggrava la stretta che ossessiona le imprese, che fa scendere in piazza, assieme, imprenditori e lavoratori, che fa chiudere aziende che hanno ordini in portafoglio. Alla lunga, \u00e8 tutto ingiustificabile, specie se produce un effetto di crescente e visibile ineguaglianza nella distribuzione della ricchezza. Ora che come Ministro dell\u2019economia c\u2019\u00e8 uno che di banche se ne intende, non pu\u00f2 bere nessuna favoletta ma deve sottoporre il sistema bancario ad un controllo finalizzato allo sviluppo dell\u2019economia. E ci\u00f2 anche nel loro interesse, se non vogliono che si allunghi a dismisura la lista dei fallimenti e degli insoluti, con conseguenze negative anche sui loro bilanci.<\/p>\n<p style=\"text-align: justify;\">Ed infine, dipende dalla lista di priorit\u00e0 degli interventi pubblici che il governo riuscir\u00e0 a definire. La penosa scena di un 1\u00b0 maggio durante il quale, nel Palazzo, si litigava sull\u2019Imu, mentre la gente nelle piazze chiedeva lavoro, la dice lunga sulle difficolt\u00e0 incombenti. Il lavoro non \u00e8 una priorit\u00e0 tra le altre; se appena lo si considerasse tale, scivolerebbe inevitabilmente in seconda, terza fila e perderebbe di urgenza, di essenzialit\u00e0. C\u2019\u00e8 un solo modo per dimostrarlo: trovando soldi per rifinanziare la CIG in deroga, per dare una risposta agli esodati e per fare un programma per il lavoro giovanile. Snodata positivamente questa matassa, si possono affrontare altre esigenze, come quella dell\u2019Imu. Non viceversa. Questa \u00e8 la prova pi\u00f9 ardua che dovr\u00e0 affrontare il governo Letta: far prevalere gli interessi della maggior parte dei cittadini italiani, su quelli che hanno caratterizzato la campagna elettorale.<\/p>\n<p style=\"text-align: justify;\">Sempre di pi\u00f9, diventa chiaro che c\u2019\u00e8 un intreccio tra dimensione europea e quella nazionale per trovare soluzioni soddisfacenti per la crisi economica e sociale. Ma spesso questo intreccio \u00e8 stato assunto o per criminalizzare Bruxelles, o per giustificare l\u2019immobilismo nazionale. I tempi sono cos\u00ec tiranni da pretendere che non si prosegua in questo gioco allo scaricabarile. Questo \u00e8 un punto di forza per il governo Letta, quello che potr\u00e0 fargli dire \u201cvoglio e posso\u201d. Glielo auguriamo, anche per depotenziare l\u2019originario vulnus che lo caratterizza: quello di essere il governo che nessuno ha veramente votato nelle elezioni politiche, ma che la forza delle urgenze e dei bisogni ha imposto come unica, temporanea soluzione.<\/p>\n<p>\u00a0<\/p>\n","protected":false},"excerpt":{"rendered":"<p>Il governo Letta \u00e8 un governo pi\u00f9 dovuto che voluto. Le forze politiche che lo sostengono non si amano di certo. Forse non si rispettano neanche. Ma sono obbligate a fare un percorso di questa legislatura, insieme. Le ragioni sono note ed \u00e8 inutile elencarle. Ma non \u00e8 detto che sia un governo che debba [&hellip;]<\/p>\n","protected":false},"author":2,"featured_media":0,"comment_status":"open","ping_status":"open","sticky":false,"template":"","format":"standard","meta":{"footnotes":""},"categories":[34],"tags":[],"class_list":["post-79","post","type-post","status-publish","format-standard","hentry","category-editoriale-newsletter"],"yoast_head":"<!-- This site is optimized with the Yoast SEO plugin v27.4 - https:\/\/yoast.com\/product\/yoast-seo-wordpress\/ -->\n<title>La stretta via del Governo Letta - Nuovi Lavori<\/title>\n<meta name=\"robots\" content=\"index, follow, max-snippet:-1, max-image-preview:large, max-video-preview:-1\" \/>\n<link rel=\"canonical\" href=\"https:\/\/nuovi-lavori.it\/index.php\/la-stretta-via-del-governo-letta\/\" \/>\n<meta property=\"og:locale\" content=\"it_IT\" \/>\n<meta property=\"og:type\" content=\"article\" \/>\n<meta property=\"og:title\" content=\"La stretta via del Governo Letta - Nuovi Lavori\" \/>\n<meta property=\"og:description\" content=\"Il governo Letta \u00e8 un governo pi\u00f9 dovuto che voluto. Le forze politiche che lo sostengono non si amano di certo. Forse non si rispettano neanche. Ma sono obbligate a fare un percorso di questa legislatura, insieme. Le ragioni sono note ed \u00e8 inutile elencarle. Ma non \u00e8 detto che sia un governo che debba [&hellip;]\" \/>\n<meta property=\"og:url\" content=\"https:\/\/nuovi-lavori.it\/index.php\/la-stretta-via-del-governo-letta\/\" \/>\n<meta property=\"og:site_name\" content=\"Nuovi Lavori\" \/>\n<meta property=\"article:published_time\" content=\"2013-05-07T10:13:53+00:00\" \/>\n<meta name=\"author\" content=\"Lia\" \/>\n<meta name=\"twitter:card\" content=\"summary_large_image\" \/>\n<meta name=\"twitter:label1\" content=\"Scritto da\" \/>\n\t<meta name=\"twitter:data1\" content=\"Lia\" \/>\n\t<meta name=\"twitter:label2\" content=\"Tempo di lettura stimato\" \/>\n\t<meta name=\"twitter:data2\" content=\"4 minuti\" \/>\n<script type=\"application\/ld+json\" class=\"yoast-schema-graph\">{\"@context\":\"https:\\\/\\\/schema.org\",\"@graph\":[{\"@type\":\"Article\",\"@id\":\"https:\\\/\\\/nuovi-lavori.it\\\/index.php\\\/la-stretta-via-del-governo-letta\\\/#article\",\"isPartOf\":{\"@id\":\"https:\\\/\\\/nuovi-lavori.it\\\/index.php\\\/la-stretta-via-del-governo-letta\\\/\"},\"author\":{\"name\":\"Lia\",\"@id\":\"https:\\\/\\\/nuovi-lavori.it\\\/#\\\/schema\\\/person\\\/381e9894ea394d41738d8d55e63fc0da\"},\"headline\":\"La stretta via del Governo Letta\",\"datePublished\":\"2013-05-07T10:13:53+00:00\",\"mainEntityOfPage\":{\"@id\":\"https:\\\/\\\/nuovi-lavori.it\\\/index.php\\\/la-stretta-via-del-governo-letta\\\/\"},\"wordCount\":889,\"commentCount\":0,\"publisher\":{\"@id\":\"https:\\\/\\\/nuovi-lavori.it\\\/#organization\"},\"articleSection\":[\"Editoriale\"],\"inLanguage\":\"it-IT\",\"potentialAction\":[{\"@type\":\"CommentAction\",\"name\":\"Comment\",\"target\":[\"https:\\\/\\\/nuovi-lavori.it\\\/index.php\\\/la-stretta-via-del-governo-letta\\\/#respond\"]}]},{\"@type\":\"WebPage\",\"@id\":\"https:\\\/\\\/nuovi-lavori.it\\\/index.php\\\/la-stretta-via-del-governo-letta\\\/\",\"url\":\"https:\\\/\\\/nuovi-lavori.it\\\/index.php\\\/la-stretta-via-del-governo-letta\\\/\",\"name\":\"La stretta via del Governo Letta - Nuovi Lavori\",\"isPartOf\":{\"@id\":\"https:\\\/\\\/nuovi-lavori.it\\\/#website\"},\"datePublished\":\"2013-05-07T10:13:53+00:00\",\"breadcrumb\":{\"@id\":\"https:\\\/\\\/nuovi-lavori.it\\\/index.php\\\/la-stretta-via-del-governo-letta\\\/#breadcrumb\"},\"inLanguage\":\"it-IT\",\"potentialAction\":[{\"@type\":\"ReadAction\",\"target\":[\"https:\\\/\\\/nuovi-lavori.it\\\/index.php\\\/la-stretta-via-del-governo-letta\\\/\"]}]},{\"@type\":\"BreadcrumbList\",\"@id\":\"https:\\\/\\\/nuovi-lavori.it\\\/index.php\\\/la-stretta-via-del-governo-letta\\\/#breadcrumb\",\"itemListElement\":[{\"@type\":\"ListItem\",\"position\":1,\"name\":\"Home\",\"item\":\"https:\\\/\\\/nuovi-lavori.it\\\/\"},{\"@type\":\"ListItem\",\"position\":2,\"name\":\"Newsletter\",\"item\":\"https:\\\/\\\/nuovi-lavori.it\\\/index.php\\\/category\\\/newsletter\\\/\"},{\"@type\":\"ListItem\",\"position\":3,\"name\":\"Editoriale\",\"item\":\"https:\\\/\\\/nuovi-lavori.it\\\/index.php\\\/category\\\/newsletter\\\/editoriale-newsletter\\\/\"},{\"@type\":\"ListItem\",\"position\":4,\"name\":\"La stretta via del Governo Letta\"}]},{\"@type\":\"WebSite\",\"@id\":\"https:\\\/\\\/nuovi-lavori.it\\\/#website\",\"url\":\"https:\\\/\\\/nuovi-lavori.it\\\/\",\"name\":\"Nuovi Lavori\",\"description\":\"\",\"publisher\":{\"@id\":\"https:\\\/\\\/nuovi-lavori.it\\\/#organization\"},\"potentialAction\":[{\"@type\":\"SearchAction\",\"target\":{\"@type\":\"EntryPoint\",\"urlTemplate\":\"https:\\\/\\\/nuovi-lavori.it\\\/?s={search_term_string}\"},\"query-input\":{\"@type\":\"PropertyValueSpecification\",\"valueRequired\":true,\"valueName\":\"search_term_string\"}}],\"inLanguage\":\"it-IT\"},{\"@type\":\"Organization\",\"@id\":\"https:\\\/\\\/nuovi-lavori.it\\\/#organization\",\"name\":\"Nuovi Lavori\",\"url\":\"https:\\\/\\\/nuovi-lavori.it\\\/\",\"logo\":{\"@type\":\"ImageObject\",\"inLanguage\":\"it-IT\",\"@id\":\"https:\\\/\\\/nuovi-lavori.it\\\/#\\\/schema\\\/logo\\\/image\\\/\",\"url\":\"http:\\\/\\\/5.249.146.118\\\/wp-content\\\/uploads\\\/2013\\\/11\\\/images_logonl.jpg\",\"contentUrl\":\"http:\\\/\\\/5.249.146.118\\\/wp-content\\\/uploads\\\/2013\\\/11\\\/images_logonl.jpg\",\"width\":400,\"height\":327,\"caption\":\"Nuovi Lavori\"},\"image\":{\"@id\":\"https:\\\/\\\/nuovi-lavori.it\\\/#\\\/schema\\\/logo\\\/image\\\/\"},\"sameAs\":[\"https:\\\/\\\/www.youtube.com\\\/user\\\/newsletteranl\"]},{\"@type\":\"Person\",\"@id\":\"https:\\\/\\\/nuovi-lavori.it\\\/#\\\/schema\\\/person\\\/381e9894ea394d41738d8d55e63fc0da\",\"name\":\"Lia\",\"image\":{\"@type\":\"ImageObject\",\"inLanguage\":\"it-IT\",\"@id\":\"https:\\\/\\\/secure.gravatar.com\\\/avatar\\\/1c1ab5e88d6553d3bd7303b8f064565e43a5f4bcf8fa0acc18820db78be45882?s=96&d=mm&r=g\",\"url\":\"https:\\\/\\\/secure.gravatar.com\\\/avatar\\\/1c1ab5e88d6553d3bd7303b8f064565e43a5f4bcf8fa0acc18820db78be45882?s=96&d=mm&r=g\",\"contentUrl\":\"https:\\\/\\\/secure.gravatar.com\\\/avatar\\\/1c1ab5e88d6553d3bd7303b8f064565e43a5f4bcf8fa0acc18820db78be45882?s=96&d=mm&r=g\",\"caption\":\"Lia\"},\"url\":\"https:\\\/\\\/nuovi-lavori.it\\\/index.php\\\/author\\\/lia\\\/\"}]}<\/script>\n<!-- \/ Yoast SEO plugin. -->","yoast_head_json":{"title":"La stretta via del Governo Letta - Nuovi Lavori","robots":{"index":"index","follow":"follow","max-snippet":"max-snippet:-1","max-image-preview":"max-image-preview:large","max-video-preview":"max-video-preview:-1"},"canonical":"https:\/\/nuovi-lavori.it\/index.php\/la-stretta-via-del-governo-letta\/","og_locale":"it_IT","og_type":"article","og_title":"La stretta via del Governo Letta - Nuovi Lavori","og_description":"Il governo Letta \u00e8 un governo pi\u00f9 dovuto che voluto. Le forze politiche che lo sostengono non si amano di certo. Forse non si rispettano neanche. Ma sono obbligate a fare un percorso di questa legislatura, insieme. Le ragioni sono note ed \u00e8 inutile elencarle. Ma non \u00e8 detto che sia un governo che debba [&hellip;]","og_url":"https:\/\/nuovi-lavori.it\/index.php\/la-stretta-via-del-governo-letta\/","og_site_name":"Nuovi Lavori","article_published_time":"2013-05-07T10:13:53+00:00","author":"Lia","twitter_card":"summary_large_image","twitter_misc":{"Scritto da":"Lia","Tempo di lettura stimato":"4 minuti"},"schema":{"@context":"https:\/\/schema.org","@graph":[{"@type":"Article","@id":"https:\/\/nuovi-lavori.it\/index.php\/la-stretta-via-del-governo-letta\/#article","isPartOf":{"@id":"https:\/\/nuovi-lavori.it\/index.php\/la-stretta-via-del-governo-letta\/"},"author":{"name":"Lia","@id":"https:\/\/nuovi-lavori.it\/#\/schema\/person\/381e9894ea394d41738d8d55e63fc0da"},"headline":"La stretta via del Governo Letta","datePublished":"2013-05-07T10:13:53+00:00","mainEntityOfPage":{"@id":"https:\/\/nuovi-lavori.it\/index.php\/la-stretta-via-del-governo-letta\/"},"wordCount":889,"commentCount":0,"publisher":{"@id":"https:\/\/nuovi-lavori.it\/#organization"},"articleSection":["Editoriale"],"inLanguage":"it-IT","potentialAction":[{"@type":"CommentAction","name":"Comment","target":["https:\/\/nuovi-lavori.it\/index.php\/la-stretta-via-del-governo-letta\/#respond"]}]},{"@type":"WebPage","@id":"https:\/\/nuovi-lavori.it\/index.php\/la-stretta-via-del-governo-letta\/","url":"https:\/\/nuovi-lavori.it\/index.php\/la-stretta-via-del-governo-letta\/","name":"La stretta via del Governo Letta - Nuovi Lavori","isPartOf":{"@id":"https:\/\/nuovi-lavori.it\/#website"},"datePublished":"2013-05-07T10:13:53+00:00","breadcrumb":{"@id":"https:\/\/nuovi-lavori.it\/index.php\/la-stretta-via-del-governo-letta\/#breadcrumb"},"inLanguage":"it-IT","potentialAction":[{"@type":"ReadAction","target":["https:\/\/nuovi-lavori.it\/index.php\/la-stretta-via-del-governo-letta\/"]}]},{"@type":"BreadcrumbList","@id":"https:\/\/nuovi-lavori.it\/index.php\/la-stretta-via-del-governo-letta\/#breadcrumb","itemListElement":[{"@type":"ListItem","position":1,"name":"Home","item":"https:\/\/nuovi-lavori.it\/"},{"@type":"ListItem","position":2,"name":"Newsletter","item":"https:\/\/nuovi-lavori.it\/index.php\/category\/newsletter\/"},{"@type":"ListItem","position":3,"name":"Editoriale","item":"https:\/\/nuovi-lavori.it\/index.php\/category\/newsletter\/editoriale-newsletter\/"},{"@type":"ListItem","position":4,"name":"La stretta via del Governo Letta"}]},{"@type":"WebSite","@id":"https:\/\/nuovi-lavori.it\/#website","url":"https:\/\/nuovi-lavori.it\/","name":"Nuovi Lavori","description":"","publisher":{"@id":"https:\/\/nuovi-lavori.it\/#organization"},"potentialAction":[{"@type":"SearchAction","target":{"@type":"EntryPoint","urlTemplate":"https:\/\/nuovi-lavori.it\/?s={search_term_string}"},"query-input":{"@type":"PropertyValueSpecification","valueRequired":true,"valueName":"search_term_string"}}],"inLanguage":"it-IT"},{"@type":"Organization","@id":"https:\/\/nuovi-lavori.it\/#organization","name":"Nuovi Lavori","url":"https:\/\/nuovi-lavori.it\/","logo":{"@type":"ImageObject","inLanguage":"it-IT","@id":"https:\/\/nuovi-lavori.it\/#\/schema\/logo\/image\/","url":"http:\/\/5.249.146.118\/wp-content\/uploads\/2013\/11\/images_logonl.jpg","contentUrl":"http:\/\/5.249.146.118\/wp-content\/uploads\/2013\/11\/images_logonl.jpg","width":400,"height":327,"caption":"Nuovi Lavori"},"image":{"@id":"https:\/\/nuovi-lavori.it\/#\/schema\/logo\/image\/"},"sameAs":["https:\/\/www.youtube.com\/user\/newsletteranl"]},{"@type":"Person","@id":"https:\/\/nuovi-lavori.it\/#\/schema\/person\/381e9894ea394d41738d8d55e63fc0da","name":"Lia","image":{"@type":"ImageObject","inLanguage":"it-IT","@id":"https:\/\/secure.gravatar.com\/avatar\/1c1ab5e88d6553d3bd7303b8f064565e43a5f4bcf8fa0acc18820db78be45882?s=96&d=mm&r=g","url":"https:\/\/secure.gravatar.com\/avatar\/1c1ab5e88d6553d3bd7303b8f064565e43a5f4bcf8fa0acc18820db78be45882?s=96&d=mm&r=g","contentUrl":"https:\/\/secure.gravatar.com\/avatar\/1c1ab5e88d6553d3bd7303b8f064565e43a5f4bcf8fa0acc18820db78be45882?s=96&d=mm&r=g","caption":"Lia"},"url":"https:\/\/nuovi-lavori.it\/index.php\/author\/lia\/"}]}},"_links":{"self":[{"href":"https:\/\/nuovi-lavori.it\/index.php\/wp-json\/wp\/v2\/posts\/79","targetHints":{"allow":["GET"]}}],"collection":[{"href":"https:\/\/nuovi-lavori.it\/index.php\/wp-json\/wp\/v2\/posts"}],"about":[{"href":"https:\/\/nuovi-lavori.it\/index.php\/wp-json\/wp\/v2\/types\/post"}],"author":[{"embeddable":true,"href":"https:\/\/nuovi-lavori.it\/index.php\/wp-json\/wp\/v2\/users\/2"}],"replies":[{"embeddable":true,"href":"https:\/\/nuovi-lavori.it\/index.php\/wp-json\/wp\/v2\/comments?post=79"}],"version-history":[{"count":0,"href":"https:\/\/nuovi-lavori.it\/index.php\/wp-json\/wp\/v2\/posts\/79\/revisions"}],"wp:attachment":[{"href":"https:\/\/nuovi-lavori.it\/index.php\/wp-json\/wp\/v2\/media?parent=79"}],"wp:term":[{"taxonomy":"category","embeddable":true,"href":"https:\/\/nuovi-lavori.it\/index.php\/wp-json\/wp\/v2\/categories?post=79"},{"taxonomy":"post_tag","embeddable":true,"href":"https:\/\/nuovi-lavori.it\/index.php\/wp-json\/wp\/v2\/tags?post=79"}],"curies":[{"name":"wp","href":"https:\/\/api.w.org\/{rel}","templated":true}]}}